{"id":1537,"date":"2024-01-31T21:11:04","date_gmt":"2024-01-31T21:11:04","guid":{"rendered":"https:\/\/kidicalmass.adfc-wiesbaden.de\/?p=1537"},"modified":"2026-04-24T19:33:35","modified_gmt":"2026-04-24T17:33:35","slug":"07-juli-2024","status":"publish","type":"post","link":"https:\/\/www.adfc-wiesbaden.de\/ro\/2024\/01\/kidical-mass\/07-juli-2024\/","title":{"rendered":"Masa Kidical 07 iulie 2024"},"content":{"rendered":"<h2 class=\"wp-block-heading\">12. Liturghie Kidical \u00een Wiesbaden<\/h2>\n\n\n\n<p>Cea de-a doua Liturghie Kidical\u0103 Wiesbaden 2024 va avea loc duminic\u0103, 07.07., ora 15:00. \u00cencepem din nou de la situl Dern\u2019sches de la nivelul salonului de \u00eenghe\u021bat\u0103. De data aceasta termin\u0103m dup\u0103 5,9 km \u00een sta\u021biunile balneare de la \u201elocul de joac\u0103 din parcul balnear\u201d. Acesta este situat la \u00een\u0103l\u021bimea b\u0103ii termale Aukammtal.<br>Lunca mare ofer\u0103 spa\u021biu pentru joac\u0103 \u0219i picnic. Camionul de ghea\u021b\u0103 aduce r\u0103cirea \u00een form\u0103 sferic\u0103.<\/p>\n\n\n\n<h2 class=\"wp-block-heading\">Tururi de alimentare<\/h2>\n\n\n\n<p>Tururile de alimentare sunt excursii auto-organizate la care familiile se \u00eent\u00e2lnesc la \u0219coala primar\u0103 din district \u0219i apoi conduc \u00eempreun\u0103 p\u00e2n\u0103 la punctul de plecare. Alimentatoarele nu sunt o demonstra\u021bie \u00eenregistrat\u0103 \u0219i nu fac parte din eveniment. Acesta este condus pe piste de biciclete \u0219i drumuri laterale cu trafic redus.<br>Din cabina dvs. nu exist\u0103 \u00eenc\u0103 nici un alimentator \u0219i sunte\u021bi interesat, apoi scrie\u021bi-ne, <a href=\"\/ro\/&\/#109;&#x61;i&#x6c;&#x74;&#111;&#x3a;k&#x69;&#x64;&#105;&#x63;a&#x6c;&#x6d;&#97;&#x73;s&#x40;&#x61;&#100;&#x66;c&#x2d;&#x77;&#105;&#x65;s&#x62;&#x61;&#100;&#x65;n&#x2e;&#x64;&#101;\">kidicalmass@adfc-wiesbaden.de<\/a>, \u0219i Ajut\u0103m la organizare.<\/p>\n\n\n\n<p>Tururi de alimentare planificate (modific\u0103rile sunt actualizate \u00een mod constant):<\/p>\n\n\n\n<figure class=\"wp-block-table\"><table><tbody><tr><td>Districtul\/districtul<\/td><td>\u00eent\u00e2lnire<\/td><td>or\u0103<\/td><td>traseu<\/td><\/tr><tr><td>Biebrich<\/td><td>F\u00e2nt\u00e2na c\u00e2nt\u0103re\u021bului la flaut<br>pe malurile Rinului<\/td><td>14:15<\/td><td>6,2 km<\/td><\/tr><tr><td>Cartierul de poezie<\/td><td>Leverage \u0219coal\u0103<br>Hebbelplatz \/ Hebbelstra\u00dfe<\/td><td>14:30<\/td><td>2,8 km<\/td><\/tr><tr><td>Cartierul artistului<\/td><td>\u0218coala Friedrich von Schiller (cl\u0103dire nou\u0103)<br>Carla-Henius-Stra\u00dfe 3-5<\/td><td>14:20<\/td><td>3,5 km<\/td><\/tr><tr><td>nord-est<\/td><td>\u0218coala de Liturghie din St. John<br>Stand pentru biciclete Johannes-Maa\u00df-Stra\u00dfe \/ gg\u00fc. Zidul cimitirului<\/td><td>14:30<\/td><td>1,4 km<\/td><\/tr><tr><td>Waldstra\u00dfe<\/td><td>\u0218coala Diesterweg<br>Col\u021bul Baumstra\u00dfe din Riedstra\u00dfe<\/td><td>14:10<\/td><td>4,7 km<\/td><\/tr><\/tbody><\/table><figcaption class=\"wp-element-caption\">Statut: 07.07.2024 09:00<\/figcaption><\/figure>\n\n\n\n<h2 class=\"wp-block-heading\">Harta circuitelor de alimentare<\/h2>\n\n\n\n<iframe loading=\"lazy\" src=\"https:\/\/www.google.com\/maps\/d\/embed?mid=1ojvvYFV0uWRTgaXDzoIocDh9_v64AtQ&#038;ehbc=2E312F\" width=\"640\" height=\"480\"><\/iframe>\n\n\n\n<p><\/p>\n\n\n<!-- wp:themify-builder\/canvas \/-->","protected":false},"excerpt":{"rendered":"<p>Cea de-a doua Liturghie Kidical\u0103 Wiesbaden 2024 va avea loc duminic\u0103, 07.07., ora 15:00. \u00cencepem din nou de la situl Dern\u2019sches de la nivelul salonului de \u00eenghe\u021bat\u0103. De data aceasta termin\u0103m dup\u0103 5,9 km \u00een sta\u021biunile balneare de la \u201elocul de joac\u0103 din parcul balnear\u201d. Acesta este situat la \u00een\u0103l\u021bimea b\u0103ii termale Aukammtal.<br \/>\nLunca mare ofer\u0103 spa\u021biu pentru joac\u0103 \u0219i picnic. Camionul de ghea\u021b\u0103 aduce r\u0103cirea \u00een form\u0103 sferic\u0103.<\/p>","protected":false},"author":52,"featured_media":70276,"comment_status":"closed","ping_status":"closed","sticky":false,"template":"Nachrichten-Seite.php","format":"standard","meta":{"footnotes":""},"categories":[932],"tags":[516,927,772],"class_list":["post-1537","post","type-post","status-publish","format-standard","has-post-thumbnail","hentry","category-kidical-mass","tag-kidical-mass","tag-sommer","tag-wiesbaden","has-post-title","has-post-date","has-post-category","has-post-tag","has-post-comment","has-post-author",""],"builder_content":"","_links":{"self":[{"href":"https:\/\/www.adfc-wiesbaden.de\/ro\/wp-json\/wp\/v2\/posts\/1537","targetHints":{"allow":["GET"]}}],"collection":[{"href":"https:\/\/www.adfc-wiesbaden.de\/ro\/wp-json\/wp\/v2\/posts"}],"about":[{"href":"https:\/\/www.adfc-wiesbaden.de\/ro\/wp-json\/wp\/v2\/types\/post"}],"author":[{"embeddable":true,"href":"https:\/\/www.adfc-wiesbaden.de\/ro\/wp-json\/wp\/v2\/users\/52"}],"replies":[{"embeddable":true,"href":"https:\/\/www.adfc-wiesbaden.de\/ro\/wp-json\/wp\/v2\/comments?post=1537"}],"version-history":[{"count":5,"href":"https:\/\/www.adfc-wiesbaden.de\/ro\/wp-json\/wp\/v2\/posts\/1537\/revisions"}],"predecessor-version":[{"id":76316,"href":"https:\/\/www.adfc-wiesbaden.de\/ro\/wp-json\/wp\/v2\/posts\/1537\/revisions\/76316"}],"wp:featuredmedia":[{"embeddable":true,"href":"https:\/\/www.adfc-wiesbaden.de\/ro\/wp-json\/wp\/v2\/media\/70276"}],"wp:attachment":[{"href":"https:\/\/www.adfc-wiesbaden.de\/ro\/wp-json\/wp\/v2\/media?parent=1537"}],"wp:term":[{"taxonomy":"category","embeddable":true,"href":"https:\/\/www.adfc-wiesbaden.de\/ro\/wp-json\/wp\/v2\/categories?post=1537"},{"taxonomy":"post_tag","embeddable":true,"href":"https:\/\/www.adfc-wiesbaden.de\/ro\/wp-json\/wp\/v2\/tags?post=1537"}],"curies":[{"name":"wp","href":"https:\/\/api.w.org\/{rel}","templated":true}]}}