{"id":1541,"date":"2024-01-31T21:21:17","date_gmt":"2024-01-31T21:21:17","guid":{"rendered":"https:\/\/kidicalmass.adfc-wiesbaden.de\/?p=1541"},"modified":"2026-04-24T19:35:44","modified_gmt":"2026-04-24T17:35:44","slug":"22-september-2024","status":"publish","type":"post","link":"https:\/\/www.adfc-wiesbaden.de\/ro\/2024\/01\/kidical-mass\/22-september-2024\/","title":{"rendered":"Masa copiilor 22 septembrie 2024"},"content":{"rendered":"<h2 class=\"wp-block-heading\">13. Liturghie Kidical \u00een Wiesbaden<\/h2>\n\n\n\n<ul class=\"wp-block-list\">\n<li><a href=\"https:\/\/www.adfc-wiesbaden.de\/ro\/22-september-2024\/#Malaktion\">Ac\u021biune de pictur\u0103<\/a><\/li>\n\n\n\n<li><a href=\"https:\/\/www.adfc-wiesbaden.de\/ro\/22-september-2024\/#Schilder\">Semne de desen<\/a><\/li>\n\n\n\n<li><a href=\"https:\/\/www.adfc-wiesbaden.de\/ro\/22-september-2024\/#Preise\">Colecta\u021bi pre\u021burile pentru \u0219tampil\u0103<\/a><\/li>\n\n\n\n<li><a href=\"https:\/\/www.adfc-wiesbaden.de\/ro\/22-september-2024\/#Zubringertouren\">Tururi de alimentare<\/a>\n<ul class=\"wp-block-list\">\n<li><a href=\"https:\/\/www.adfc-wiesbaden.de\/ro\/22-september-2024\/#Karte\">Alimentator de h\u0103r\u021bi<\/a><\/li>\n<\/ul>\n<\/li>\n<\/ul>\n\n\n\n<p>A treia Liturghie Kidical Wiesbaden 2023 va avea loc pe 22.09. la ora 15:00, ca parte a lumii <a href=\"https:\/\/kinderaufsrad.org\/\" target=\"_blank\" rel=\"noreferrer noopener\">Zile de ac\u021biune \u00een mas\u0103 a copiilor<\/a> \u00een schimb. De data aceasta, \u00eenceputul \u0219i sf\u00e2r\u0219itul sunt identice pe terenul din Dern\u2019sches. \u00cen jurul prim\u0103riei \u0219i mai ales \u00een pia\u021ba castelului, <a href=\"https:\/\/www.wiesbaden.de\/leben-in-wiesbaden\/gesellschaft\/kinder\/content\/weltkindertag.php\" data-type=\"link\" data-id=\"https:\/\/www.wiesbaden.de\/leben-in-wiesbaden\/gesellschaft\/kinder\/content\/weltkindertag.php\" target=\"_blank\" rel=\"noreferrer noopener\">Ziua Mondial\u0103 a Copilului<\/a> S\u0103rb\u0103torit\u0103 \u00eentre orele 13:00 \u0219i 18:00. Traseul are o lungime de 5,8 km. <br>Ca \u00eentotdeauna, suntem \u00eenso\u021bi\u021bi de poli\u021bie \u0219i paramedici. <\/p>\n\n\n\n<h2 class=\"wp-block-heading\" id=\"Malaktion\">Ac\u021biune de pictur\u0103<\/h2>\n\n\n\n<p>Vom \u00eenfrumuse\u021ba cu cret\u0103 asfaltul acestui Schiersteiner Stra\u00dfe, altfel frecventat. Astfel, Masa Kidical r\u0103m\u00e2ne vizibil\u0103 pentru o mare varietate de participan\u021bi la trafic chiar \u0219i \u00een zilele urm\u0103toare. Nu exist\u0103 limite pentru creativitatea ta. Avem cret\u0103 la fa\u021ba locului. Pentru a putea picta mai mult \u0219i, de asemenea, cu culoarea preferat\u0103, cel mai bine este s\u0103 v\u0103 aduce\u021bi propria cret\u0103.<\/p>\n\n\n\n<h2 class=\"wp-block-heading\" id=\"Schilder\">bannere, semne, \u2026<\/h2>\n\n\n\n<p>Pentru a ar\u0103ta trec\u0103torilor despre ce este vorba, semnele, bannerele etc. sunt utile. Creeaz\u0103 acestea \u00een avans, le ata\u0219eaz\u0103 la ro\u021bi \u0219i, prin urmare, ne transport\u0103 inten\u021biile. Nu ai nici o idee despre semne,&nbsp;<a href=\"https:\/\/kinderaufsrad.org\/wp-content\/uploads\/2022\/05\/Demoschilder_KidicalMass_Selbstausdrucken-1.pdf\" target=\"_blank\" rel=\"noreferrer noopener\">aici<\/a>&nbsp;Pute\u021bi desc\u0103rca \u0219i imprima formulare.<\/p>\n\n\n\n<h2 class=\"wp-block-heading\" id=\"Preise\">Pre\u021buri de r\u0103scump\u0103rare pentru timbre<\/h2>\n\n\n\n<p>Pentru to\u021bi cei care au participat la Liturghia Kidical de trei ori \u00een 2024 \u0219i de fiecare dat\u0103 \u0219tampilate la&nbsp;<a href=\"https:\/\/www.adfc-wiesbaden.de\/ro\/3-x-kidical-mass-1-ueberraschung\/\">Ac\u021biunea de \u0219tampilare<\/a> \u00cenc\u0103 o dat\u0103, o mic\u0103 surpriz\u0103 a\u0219teapt\u0103. Aduce\u021bi flutura\u0219ii \u0219tampila\u021bi de la prima \u0219i a doua Liturghie Kidical, ob\u021bine\u021bi ultima \u0219tampil\u0103 \u0219i schimba\u021bi flutura\u0219ul pentru surpriz\u0103.<br>Ultima \u0219tampil\u0103 este dup\u0103 plimbarea la galben&nbsp;<a href=\"https:\/\/www.adfc-wiesbaden.de\/ro\/\" target=\"_blank\" rel=\"noreferrer noopener\">ADFC<\/a>Roata cu cutia din fa\u021b\u0103.<\/p>\n\n\n\n<h2 class=\"wp-block-heading\" id=\"Zubringertouren\">Tururi de alimentare<\/h2>\n\n\n\n<p>Tururile de alimentare sunt excursii auto-organizate la care familiile se \u00eent\u00e2lnesc la \u0219coala primar\u0103 din district \u0219i apoi conduc \u00eempreun\u0103 p\u00e2n\u0103 la punctul de plecare. Alimentatoarele nu sunt o demonstra\u021bie \u00eenregistrat\u0103 \u0219i nu fac parte din eveniment. Acesta este condus pe piste de biciclete \u0219i drumuri laterale cu trafic redus.<br>Din cabina dvs. nu exist\u0103 \u00eenc\u0103 nici un alimentator \u0219i sunte\u021bi interesat, apoi scrie\u021bi-ne,&nbsp;<a href=\"\/ro\/mail&\/#116;&#111;&#58;&#107;&#105;&#x64;&#x69;&#x63;&#x61;&#x6c;&#x6d;&#x61;ss&#64;a&#100;&#102;&#99;&#45;&#119;&#x69;&#x65;&#x73;&#x62;&#x61;&#x64;&#x65;&#x6e;&#46;de\">kidicalmass@adfc-wiesbaden.de<\/a>, \u0219i Ajut\u0103m la organizare.<\/p>\n\n\n\n<p>Tururi de alimentare planificate (modific\u0103rile sunt actualizate \u00een mod constant):<\/p>\n\n\n\n<figure class=\"wp-block-table is-style-stripes\"><table><tbody><tr><td class=\"has-text-align-center\" data-align=\"center\">Districtul\/districtul<\/td><td class=\"has-text-align-center\" data-align=\"center\">\u00eent\u00e2lnire<\/td><td>or\u0103<\/td><td>lungime<\/td><\/tr><tr><td class=\"has-text-align-center\" data-align=\"center\">Biebrich<\/td><td class=\"has-text-align-center\" data-align=\"center\">F\u00e2nt\u00e2na c\u00e2nt\u0103re\u021bului la flaut<br>pe malurile Rinului<\/td><td>14:15<\/td><td>6,2 km<\/td><\/tr><tr><td class=\"has-text-align-center\" data-align=\"center\">Cartierul de poezie<\/td><td class=\"has-text-align-center\" data-align=\"center\">Leverage \u0219coal\u0103<br>Hebbelplatz \/ Hebbelstra\u00dfe<\/td><td>14:30<\/td><td>2,8 km<\/td><\/tr><tr><td class=\"has-text-align-center\" data-align=\"center\">Kohlheck<\/td><td class=\"has-text-align-center\" data-align=\"center\">Recipiente din sticl\u0103<br>Drumul dolomitic la col\u021bul str\u0103zii Paul-Gerhardt-Stra\u00dfe<\/td><td>14:15<\/td><td>5,1 km<\/td><\/tr><tr><td class=\"has-text-align-center\" data-align=\"center\">Cartierul artistului<\/td><td class=\"has-text-align-center\" data-align=\"center\">\u0218coala Friedrich von Schiller (cl\u0103dire nou\u0103)<br>Carla-Henius-Stra\u00dfe 3-5<\/td><td>14:20<\/td><td>3,5 km<\/td><\/tr><tr><td class=\"has-text-align-center\" data-align=\"center\">nord-est<\/td><td class=\"has-text-align-center\" data-align=\"center\">\u0218coala de Liturghie din St. John<br>Stand pentru biciclete Johannes-Maa\u00df-Stra\u00dfe \/ gg\u00fc. Zidul cimitirului<\/td><td>14:30<\/td><td>1,1 km<\/td><\/tr><tr><td class=\"has-text-align-center\" data-align=\"center\">Westend<\/td><td class=\"has-text-align-center\" data-align=\"center\">\u0218coala Bl\u00fccher<br>Col\u021bul Scharnhorststra\u00dfe din Bl\u00fccherstra\u00dfe<\/td><td>14:30<br><\/td><td>2,2 km<\/td><\/tr><\/tbody><\/table><figcaption class=\"wp-element-caption\">Statut: 11.09.2024 23:00<\/figcaption><\/figure>\n\n\n\n<h3 class=\"wp-block-heading\" id=\"Karte\">Harta circuitelor de alimentare<\/h3>\n\n\n\n<iframe loading=\"lazy\" src=\"https:\/\/www.google.com\/maps\/d\/embed?mid=1-0FkY4g8RSGvkHj5LUpACrlCn5V0D5o&#038;ehbc=2E312F\" width=\"640\" height=\"480\"><\/iframe>\n\n\n<!-- wp:themify-builder\/canvas \/-->","protected":false},"excerpt":{"rendered":"<p>Cea de-a treia Mas\u0103 Kidical\u0103 Wiesbaden 2023 va avea loc pe 22.09. la ora 15:00, ca parte a zilelor de ac\u021biune ale Masei Kidical la nivel mondial. De data aceasta, \u00eenceputul \u0219i sf\u00e2r\u0219itul sunt identice pe terenul din Dern\u2019sches. \u00cen jurul prim\u0103riei \u0219i \u00een special \u00een Schlossplatz, Ziua Mondial\u0103 a Copilului este s\u0103rb\u0103torit\u0103 \u00eentre orele 13:00 \u0219i 18:00. Traseul are o lungime de 5,8 km.<br \/>\nCa \u00eentotdeauna, suntem \u00eenso\u021bi\u021bi de poli\u021bie \u0219i paramedici.<\/p>","protected":false},"author":52,"featured_media":70293,"comment_status":"closed","ping_status":"closed","sticky":false,"template":"Nachrichten-Seite.php","format":"standard","meta":{"footnotes":""},"categories":[932],"tags":[928,516,772],"class_list":["post-1541","post","type-post","status-publish","format-standard","has-post-thumbnail","hentry","category-kidical-mass","tag-herbst","tag-kidical-mass","tag-wiesbaden","has-post-title","has-post-date","has-post-category","has-post-tag","has-post-comment","has-post-author",""],"builder_content":"","_links":{"self":[{"href":"https:\/\/www.adfc-wiesbaden.de\/ro\/wp-json\/wp\/v2\/posts\/1541","targetHints":{"allow":["GET"]}}],"collection":[{"href":"https:\/\/www.adfc-wiesbaden.de\/ro\/wp-json\/wp\/v2\/posts"}],"about":[{"href":"https:\/\/www.adfc-wiesbaden.de\/ro\/wp-json\/wp\/v2\/types\/post"}],"author":[{"embeddable":true,"href":"https:\/\/www.adfc-wiesbaden.de\/ro\/wp-json\/wp\/v2\/users\/52"}],"replies":[{"embeddable":true,"href":"https:\/\/www.adfc-wiesbaden.de\/ro\/wp-json\/wp\/v2\/comments?post=1541"}],"version-history":[{"count":7,"href":"https:\/\/www.adfc-wiesbaden.de\/ro\/wp-json\/wp\/v2\/posts\/1541\/revisions"}],"predecessor-version":[{"id":76320,"href":"https:\/\/www.adfc-wiesbaden.de\/ro\/wp-json\/wp\/v2\/posts\/1541\/revisions\/76320"}],"wp:featuredmedia":[{"embeddable":true,"href":"https:\/\/www.adfc-wiesbaden.de\/ro\/wp-json\/wp\/v2\/media\/70293"}],"wp:attachment":[{"href":"https:\/\/www.adfc-wiesbaden.de\/ro\/wp-json\/wp\/v2\/media?parent=1541"}],"wp:term":[{"taxonomy":"category","embeddable":true,"href":"https:\/\/www.adfc-wiesbaden.de\/ro\/wp-json\/wp\/v2\/categories?post=1541"},{"taxonomy":"post_tag","embeddable":true,"href":"https:\/\/www.adfc-wiesbaden.de\/ro\/wp-json\/wp\/v2\/tags?post=1541"}],"curies":[{"name":"wp","href":"https:\/\/api.w.org\/{rel}","templated":true}]}}