{"id":1594,"date":"2024-07-10T08:40:40","date_gmt":"2024-07-10T08:40:40","guid":{"rendered":"https:\/\/kidicalmass.adfc-wiesbaden.de\/?p=1594"},"modified":"2026-04-24T19:34:57","modified_gmt":"2026-04-24T17:34:57","slug":"bei-der-kidical-mass-gehoert-die-strasse-den-kindern","status":"publish","type":"post","link":"https:\/\/www.adfc-wiesbaden.de\/ro\/2024\/07\/politik-verkehr\/bei-der-kidical-mass-gehoert-die-strasse-den-kindern\/","title":{"rendered":"La Liturghia Kidical, strada apar\u021bine copiilor"},"content":{"rendered":"<!--themify_builder_content-->\n<div id=\"themify_builder_content-1594\" data-postid=\"1594\" class=\"themify_builder_content themify_builder_content-1594 themify_builder tf_clear\">\n                    <div  data-lazy=\"1\" class=\"module_row themify_builder_row tb_xb6h122 tb_first tf_w\">\n                        <div class=\"row_inner col_align_top tb_col_count_1 tf_box tf_rel\">\n                        <div  data-lazy=\"1\" class=\"module_column tb-column col-full tb_5n3x123 first\">\n                    <!-- module image -->\n<div  class=\"module module-image tb_9cvf446 image-top   tf_mw tb_gs2677162d\" data-lazy=\"1\">\n        <div class=\"image-wrap tf_rel tf_mw\">\n            <img loading=\"lazy\" decoding=\"async\" width=\"2560\" height=\"1707\" src=\"https:\/\/www.adfc-wiesbaden.de\/wp-content\/uploads\/2025\/02\/KidicalMass2021-scaled.jpg\" class=\"wp-post-image wp-image-70289\" title=\"Masa infantil\u0103\" alt=\"Masa infantil\u0103\" srcset=\"https:\/\/www.adfc-wiesbaden.de\/wp-content\/uploads\/2025\/02\/KidicalMass2021-scaled.jpg 2560w, https:\/\/www.adfc-wiesbaden.de\/wp-content\/uploads\/2025\/02\/KidicalMass2021-700x467.jpg 700w, https:\/\/www.adfc-wiesbaden.de\/wp-content\/uploads\/2025\/02\/KidicalMass2021-1400x933.jpg 1400w, https:\/\/www.adfc-wiesbaden.de\/wp-content\/uploads\/2025\/02\/KidicalMass2021-200x133.jpg 200w, https:\/\/www.adfc-wiesbaden.de\/wp-content\/uploads\/2025\/02\/KidicalMass2021-768x512.jpg 768w, https:\/\/www.adfc-wiesbaden.de\/wp-content\/uploads\/2025\/02\/KidicalMass2021-1536x1024.jpg 1536w, https:\/\/www.adfc-wiesbaden.de\/wp-content\/uploads\/2025\/02\/KidicalMass2021-2048x1366.jpg 2048w\" sizes=\"auto, (max-width: 2560px) 100vw, 2560px\" \/>    \n        <\/div>\n    <!-- \/image-wrap -->\n    \n        <div class=\"image-content\">\n                    <h3 class=\"image-title\">\n                                    Masa infantil\u0103                            <\/h3>\n                    <\/div>\n    <!-- \/image-content -->\n        <\/div>\n<!-- \/module image --><!-- module text -->\n<div  class=\"module module-text tb_ddld202    tb_gs678604\" data-lazy=\"1\">\n        <div  class=\"tb_text_wrap\">\n        <h1>La Liturghia Kidical, strada apar\u021bine copiilor<\/h1><p><span style=\"color: #000000;\"><span style=\"font-family: Helvetica, serif;\">La Kidical Mass Wiesbaden, strada apar\u021bine copiilor. Ciclism a\u0219a cum ar trebui s\u0103 fie \u0219i a\u0219a cum este distractiv, f\u0103r\u0103 pericol de trafic auto \u0219i \u00een mare parte f\u0103r\u0103 zgomotul motoarelor cu combustie. Un punct culminant special la Liturghia Kidical: Pute\u021bi conduce chiar \u0219i \u00een ro\u0219u!<\/span><\/span><\/p><p><span style=\"color: #000000;\"><span style=\"font-family: Helvetica, serif;\">De trei ori pe an organizeaz\u0103 <a href=\"https:\/\/www.adfc-wiesbaden.de\/ro\/\">ADFC<\/a> Liturghia Kidical \u00een Wiesbaden, \u0219i to\u021bi cei care c\u0103l\u0103toresc de-a lungul, fie mici sau mari, se bucur\u0103 de ciclism relaxat. Duminic\u0103, 7. <!-- Hier ein umbruchgesch\u00fctztes Leerzeichen (&nbsp;) -->Iulie a avut loc a doua Liturghie Kidical a anului <!-- Hier ein umbruchgesch\u00fctztes Leerzeichen -->Preluat \u00een 2024. Poli\u021bia a asigurat pista, drumurile \u0219i intersec\u021biile au fost f\u0103r\u0103 ma\u0219ini \u0219i am reu\u0219it s\u0103 cicl\u0103m \u00een siguran\u021b\u0103 \u0219i relaxa\u021bi prin centrul ora\u0219ului \u00een cea mai bun\u0103 vreme. De la amplasamentul din Dern, aproximativ \u0219ase kilometri \u00eentr-un ritm lent, prin Rheinstra\u00dfe \u0219i Wilhelmstra\u00dfe, p\u00e2n\u0103 la <\/span><\/span><span style=\"color: #000000;\"><span style=\"font-family: Helvetica, serif;\">Parcul balnear<\/span><\/span><span style=\"color: #000000;\"><span style=\"font-family: Helvetica, serif;\">, care a invitat s\u0103 z\u0103boveasc\u0103, chat \u0219i s\u0103 se joace. Un camion de \u00eenghe\u021bat\u0103 a oferit b\u0103uturi r\u0103coritoare. Corso a fost din nou minunat de divers: Vechi \u0219i tineri c\u0103l\u0103re\u021bi, ro\u021bi, o mul\u021bime de biciclete colorate pentru copii, biciclete de marf\u0103, biciclete de stil de via\u021b\u0103 \u0219i chiar un unicycle au fost pe drum. De peste tot din Korso puteai auzi conversa\u021bii \u00een timpul c\u0103l\u0103toriei despre c\u00e2t de primitor ar fi dac\u0103 mersul cu bicicleta \u00een ora\u0219 ar fi fost \u00eentotdeauna at\u00e2t de lipsit de griji. Dac\u0103 ar exista o re\u021bea protejat\u0103 de piste pentru biciclete, dac\u0103 drumurile nu ar fi at\u00e2t de zgomotoase. Num\u0103rul de participan\u021bi la Liturghia Kidical o arat\u0103 din nou \u0219i din nou: Oamenii vor mai mult ciclism. \u0218i copiii, \u00een special, merit\u0103 s\u0103 poat\u0103 experimenta mobilitatea independent\u0103 \u00een ora\u0219 \u00een condi\u021bii de siguran\u021b\u0103 \u0219i f\u0103r\u0103 restric\u021bii. <\/span><\/span><\/p><p><span style=\"color: #000000;\"><span style=\"font-family: Helvetica, serif;\">ADFC continu\u0103 s\u0103 lucreze \u00een mod consecvent pentru piste de biciclete bune \u0219i sigure. Ar\u0103ta\u021bi-v\u0103 sprijinul, c\u0103l\u0103ri\u021bi. Urm\u0103toarea Liturghie Kidical este pe <a href=\"https:\/\/www.adfc-wiesbaden.de\/ro\/22-september-2024\/\">22. <!-- Hier ein umbruchgesch\u00fctztes Leerzeichen -->septembrie<!-- Wenn es die Webseite zur Kidical Mass am 22.9. schon gibt und sie mit Inhalten gef\u00fcllt ist, kann man die hier verlinken.  --><\/a>.<\/span><\/span><\/p>    <\/div>\n<\/div>\n<!-- \/module text -->        <\/div>\n                        <\/div>\n        <\/div>\n        <\/div>\n<!--\/themify_builder_content-->\n\n\n<p><\/p>","protected":false},"excerpt":{"rendered":"","protected":false},"author":65,"featured_media":1598,"comment_status":"closed","ping_status":"closed","sticky":false,"template":"Nachrichten-Seite.php","format":"standard","meta":{"footnotes":""},"categories":[932,123],"tags":[516,927,772],"class_list":["post-1594","post","type-post","status-publish","format-standard","has-post-thumbnail","hentry","category-kidical-mass","category-politik-verkehr","tag-kidical-mass","tag-sommer","tag-wiesbaden","has-post-title","has-post-date","has-post-category","has-post-tag","has-post-comment","has-post-author",""],"builder_content":"<img src=\"https:\/\/www.adfc-wiesbaden.de\/wp-content\/uploads\/2025\/02\/KidicalMass2021-scaled.jpg\" title=\"Kidical Mass\" alt=\"Kidical Mass\" srcset=\"https:\/\/www.adfc-wiesbaden.de\/wp-content\/uploads\/2025\/02\/KidicalMass2021-scaled.jpg 2560w, https:\/\/www.adfc-wiesbaden.de\/wp-content\/uploads\/2025\/02\/KidicalMass2021-700x467.jpg 700w, https:\/\/www.adfc-wiesbaden.de\/wp-content\/uploads\/2025\/02\/KidicalMass2021-1400x933.jpg 1400w, https:\/\/www.adfc-wiesbaden.de\/wp-content\/uploads\/2025\/02\/KidicalMass2021-200x133.jpg 200w, https:\/\/www.adfc-wiesbaden.de\/wp-content\/uploads\/2025\/02\/KidicalMass2021-768x512.jpg 768w, https:\/\/www.adfc-wiesbaden.de\/wp-content\/uploads\/2025\/02\/KidicalMass2021-1536x1024.jpg 1536w, https:\/\/www.adfc-wiesbaden.de\/wp-content\/uploads\/2025\/02\/KidicalMass2021-2048x1366.jpg 2048w\" sizes=\"(max-width: 2560px) 100vw, 2560px\" \/> <h3> Kidical Mass <\/h3>\n<h1>Bei der Kidical Mass geh\u00f6rt die Stra\u00dfe den Kindern<\/h1><p>Bei der Kidical Mass Wiesbaden geh\u00f6rt die Stra\u00dfe den Kindern. Radfahren, wie es sein soll und wie es Spa\u00df macht, ohne Gef\u00e4hrdung durch den Autoverkehr und weitgehend ohne den L\u00e4rm der Verbrennermotoren. Ein besonderes Highlight bei der Kidical Mass: Man darf sogar bei Rot fahren!<\/p><p>Dreimal im Jahr organisiert der <a href=\"http:\/\/adfc-wiesbaden.de\">ADFC<\/a> die Kidical Mass in Wiesbaden, und alle, die mitradeln, ob klein, ob gro\u00df, genie\u00dfen das entspannte Radfahren. Am Sonntag den 7. Juli fand die zweite Kidical Mass des Jahres 2024 statt. Die Polizei sicherte die Strecke ab, die Fahrbahnen und Kreuzungen waren autofrei und wir konnten bei feinstem Wetter sicher und entspannt durch die Innenstadt radeln. Vom Dern\u2019schen Gel\u00e4nde etwa sechs Kilometer in sachtem Tempo \u00fcber die Rhein- und Wilhelmstra\u00dfe zum Kurpark, der zum Verweilen, Plaudern und Spielen einlud. Ein Eiswagen sorgte f\u00fcr Erfrischung. Der Korso war wieder einmal wunderbar vielf\u00e4ltig: Alte und junge Fahrerinnen und Fahrer, Laufr\u00e4der, jede Menge farbenfrohe Kinderfahrr\u00e4der, Lastenr\u00e4der, Lifestyler\u00e4der und sogar ein Einrad waren unterwegs. Von \u00fcberall aus dem Korso h\u00f6rte man w\u00e4hrend der Fahrt Gespr\u00e4che dar\u00fcber, wie einladend es w\u00e4re, wenn Radfahren in der Stadt immer so unbeschwert m\u00f6glich w\u00e4re. Wenn es ein gesch\u00fctztes Radwegenetz g\u00e4be, wenn die Stra\u00dfen nicht so laut w\u00e4ren. Die Teilnehmerzahlen bei der Kidical Mass zeigen es immer wieder: Die Menschen wollen mehr Radfahren. Und gerade die Kinder haben es verdient, sicher und unbedr\u00e4ngt eigenst\u00e4ndige Mobilit\u00e4t in der Stadt erleben zu d\u00fcrfen. <\/p><p>Der ADFC setzt sich weiter und konsequent f\u00fcr gute und sichere Radwege ein. Zeigt eure Unterst\u00fctzung, radelt mit. Die n\u00e4chste Kidical Mass ist am <a href=\"https:\/\/www.adfc-wiesbaden.de\/22-september-2024\/\">22. September<\/a>.<\/p>","_links":{"self":[{"href":"https:\/\/www.adfc-wiesbaden.de\/ro\/wp-json\/wp\/v2\/posts\/1594","targetHints":{"allow":["GET"]}}],"collection":[{"href":"https:\/\/www.adfc-wiesbaden.de\/ro\/wp-json\/wp\/v2\/posts"}],"about":[{"href":"https:\/\/www.adfc-wiesbaden.de\/ro\/wp-json\/wp\/v2\/types\/post"}],"author":[{"embeddable":true,"href":"https:\/\/www.adfc-wiesbaden.de\/ro\/wp-json\/wp\/v2\/users\/65"}],"replies":[{"embeddable":true,"href":"https:\/\/www.adfc-wiesbaden.de\/ro\/wp-json\/wp\/v2\/comments?post=1594"}],"version-history":[{"count":12,"href":"https:\/\/www.adfc-wiesbaden.de\/ro\/wp-json\/wp\/v2\/posts\/1594\/revisions"}],"predecessor-version":[{"id":76318,"href":"https:\/\/www.adfc-wiesbaden.de\/ro\/wp-json\/wp\/v2\/posts\/1594\/revisions\/76318"}],"wp:featuredmedia":[{"embeddable":true,"href":"https:\/\/www.adfc-wiesbaden.de\/ro\/wp-json\/wp\/v2\/media\/1598"}],"wp:attachment":[{"href":"https:\/\/www.adfc-wiesbaden.de\/ro\/wp-json\/wp\/v2\/media?parent=1594"}],"wp:term":[{"taxonomy":"category","embeddable":true,"href":"https:\/\/www.adfc-wiesbaden.de\/ro\/wp-json\/wp\/v2\/categories?post=1594"},{"taxonomy":"post_tag","embeddable":true,"href":"https:\/\/www.adfc-wiesbaden.de\/ro\/wp-json\/wp\/v2\/tags?post=1594"}],"curies":[{"name":"wp","href":"https:\/\/api.w.org\/{rel}","templated":true}]}}