{"id":30,"date":"2022-01-05T21:13:03","date_gmt":"2022-01-05T21:13:03","guid":{"rendered":"https:\/\/kidicalmass.adfc-wiesbaden.de\/?p=30"},"modified":"2026-04-24T19:59:47","modified_gmt":"2026-04-24T17:59:47","slug":"2022-03-20","status":"publish","type":"post","link":"https:\/\/www.adfc-wiesbaden.de\/ro\/2022\/01\/kidical-mass\/2022-03-20\/","title":{"rendered":"Masa copiilor 20 martie 2022"},"content":{"rendered":"<h2 class=\"wp-block-heading\">Masa copiilor 20 martie 2022<\/h2>\n\n\n\n<p>Duminica va invitam pentru a cincea oara la bicicleta Corso special pentru copii, Liturghia Kidical.<br>Cu ea, demonstr\u0103m pentru un Wiesbaden prietenos cu copiii \u0219i cu bicicleta. Experien\u021ba ultimelor demo-uri arat\u0103 c\u0103 copiilor le place s\u0103 circule \u00een cele din urm\u0103 prin ora\u0219 f\u0103r\u0103 a fi periclitate de ma\u0219ini.<br>Masa Kidical este conceput\u0103 pentru a fi prietenoas\u0103 cu copiii. Conducem \u00eentr-un ritm lent \u00een jurul valorii de 9 km \/ h \u0219i asigura\u021bi-v\u0103 c\u0103 toat\u0103 lumea vine de-a lungul. Copiii pe scaunul pentru copii, \u00een bicicleta de marf\u0103 sau \u00een remorca bicicletei sunt, de asemenea, bineveni\u021bi.<\/p>\n\n\n\n<p>Sf\u00e2r\u0219im \u00een zona verde D\u00fcrerpark la locul de joac\u0103 Walkm\u00fchlenanlage.<\/p>\n\n\n<!-- wp:themify-builder\/canvas \/-->","protected":false},"excerpt":{"rendered":"<p>Duminica va invitam pentru a cincea oara la bicicleta Corso special pentru copii, Liturghia Kidical.<br \/>\nCu ea, demonstr\u0103m pentru un Wiesbaden prietenos cu copiii \u0219i cu bicicleta. Experien\u021ba ultimelor demo-uri arat\u0103 c\u0103 copiilor le place s\u0103 circule \u00een cele din urm\u0103 prin ora\u0219 f\u0103r\u0103 a fi periclitate de ma\u0219ini.<br \/>\nMasa Kidical este conceput\u0103 pentru a fi prietenoas\u0103 cu copiii. Conducem \u00eentr-un ritm lent \u00een jurul valorii de 9 km \/ h \u0219i asigura\u021bi-v\u0103 c\u0103 toat\u0103 lumea vine de-a lungul. Copiii pe scaunul pentru copii, \u00een bicicleta de marf\u0103 sau \u00een remorca bicicletei sunt, de asemenea, bineveni\u021bi.<\/p>","protected":false},"author":52,"featured_media":1176,"comment_status":"closed","ping_status":"closed","sticky":false,"template":"Nachrichten-Seite.php","format":"standard","meta":{"footnotes":""},"categories":[932],"tags":[925,516],"class_list":["post-30","post","type-post","status-publish","format-standard","has-post-thumbnail","hentry","category-kidical-mass","tag-fruehling","tag-kidical-mass","has-post-title","has-post-date","has-post-category","has-post-tag","has-post-comment","has-post-author",""],"builder_content":"","_links":{"self":[{"href":"https:\/\/www.adfc-wiesbaden.de\/ro\/wp-json\/wp\/v2\/posts\/30","targetHints":{"allow":["GET"]}}],"collection":[{"href":"https:\/\/www.adfc-wiesbaden.de\/ro\/wp-json\/wp\/v2\/posts"}],"about":[{"href":"https:\/\/www.adfc-wiesbaden.de\/ro\/wp-json\/wp\/v2\/types\/post"}],"author":[{"embeddable":true,"href":"https:\/\/www.adfc-wiesbaden.de\/ro\/wp-json\/wp\/v2\/users\/52"}],"replies":[{"embeddable":true,"href":"https:\/\/www.adfc-wiesbaden.de\/ro\/wp-json\/wp\/v2\/comments?post=30"}],"version-history":[{"count":5,"href":"https:\/\/www.adfc-wiesbaden.de\/ro\/wp-json\/wp\/v2\/posts\/30\/revisions"}],"predecessor-version":[{"id":76352,"href":"https:\/\/www.adfc-wiesbaden.de\/ro\/wp-json\/wp\/v2\/posts\/30\/revisions\/76352"}],"wp:featuredmedia":[{"embeddable":true,"href":"https:\/\/www.adfc-wiesbaden.de\/ro\/wp-json\/wp\/v2\/media\/1176"}],"wp:attachment":[{"href":"https:\/\/www.adfc-wiesbaden.de\/ro\/wp-json\/wp\/v2\/media?parent=30"}],"wp:term":[{"taxonomy":"category","embeddable":true,"href":"https:\/\/www.adfc-wiesbaden.de\/ro\/wp-json\/wp\/v2\/categories?post=30"},{"taxonomy":"post_tag","embeddable":true,"href":"https:\/\/www.adfc-wiesbaden.de\/ro\/wp-json\/wp\/v2\/tags?post=30"}],"curies":[{"name":"wp","href":"https:\/\/api.w.org\/{rel}","templated":true}]}}