{"id":32,"date":"2022-01-06T21:13:23","date_gmt":"2022-01-06T21:13:23","guid":{"rendered":"https:\/\/kidicalmass.adfc-wiesbaden.de\/?p=32"},"modified":"2026-04-24T19:58:34","modified_gmt":"2026-04-24T17:58:34","slug":"2022-05-15","status":"publish","type":"post","link":"https:\/\/www.adfc-wiesbaden.de\/ro\/2022\/01\/kidical-mass\/2022-05-15\/","title":{"rendered":"Masa copiilor 15 mai 2022"},"content":{"rendered":"<p><\/p>\n\n\n<\/p>\n<h3>ADFC Kidical Mass apar\u021bine str\u0103zii<\/h3>\n<p>Duminic\u0103, 15 mai 2022, <a href=\"https:\/\/www.adfc-wiesbaden.de\/ro\/Startseite\/\">ADFC Wiesbaden<\/a> a doua Mas\u0103 Kidical\u0103 Wiesbaden 2022. Aceasta are loc ca parte a week-end-ului mondial Kidical Mass. Punctul de \u00eent\u00e2lnire este la 15:00 pe site-ul Dernsches. La Children's Bicycle Corso, cei mai tineri participan\u021bi la trafic \u0219i p\u0103rin\u021bii lor pot circula confortabil \u0219i \u00een siguran\u021b\u0103 pe str\u0103zile din Wiesbaden timp de aproximativ o or\u0103. Destina\u021bia este locul de joac\u0103 Homburger Stra\u00dfe.<br \/>Conducem \u00eentr-un ritm lent \u00een jurul valorii de 9 km \/ h \u0219i asigura\u021bi-v\u0103 c\u0103 toat\u0103 lumea vine de-a lungul. Copiii pe scaunul pentru copii, \u00een bicicleta de marf\u0103 sau \u00een remorca bicicletei sunt, de asemenea, bineveni\u021bi.<\/p>\n<p>\n\n\n<p><\/p>\n<p><\/p>\n\n\n<\/p>\n<h4>Asigura\u021bi urm\u0103toarea \u0219tampil\u0103<\/h4>\n<p style=\"margin-bottom: 1.5em;\">Participa\u021bi la Liturghia Kidical de 3 ori \u0219i ob\u021bine\u021bi o surpriz\u0103, asta este ceea ce <a href=\"https:\/\/www.adfc-wiesbaden.de\/ro\/3-x-kidical-mass-1-ueberraschung\/\">Ac\u021biunea de \u0219tampilare<\/a>.\u00a0 Deci, aduce\u021bi flutura\u0219ii \u0219tampila\u021bi de la prima Mas\u0103 Kidical 2022 \u0219i ob\u021bine\u021bi urm\u0103toarea \u0219tampil\u0103.<\/p>\n<h4>Weekend de ac\u021biune la nivel na\u021bional<\/h4>\n<p style=\"margin-bottom: 1.5em;\">\u00cen acest weekend, Liturghiile Kidical vor avea loc \u00een aproximativ 180 de ora\u0219e din Germania. Zeci de mii de copii, tineri \u0219i familii vor fi pe ro\u021bi. Ace\u0219tia solicit\u0103 o reform\u0103 a legisla\u021biei rutiere. Vulnerabilitatea copiilor trebuie g\u0103sit\u0103 acolo.<br \/>Acum, <a href=\"https:\/\/weact.campact.de\/petitions\/uns-gehort-die-strasse-wir-brauchen-ein-kinderfreundliches-strassenverkehrsrecht\">Peti\u021bie online<\/a> Desenul.<\/p>\n<p>\n\n\n<p><\/p>\n<p>P.S.: Edi\u021bia de var\u0103 \u00eencepe cu o s\u0103pt\u0103m\u00e2n\u0103 \u00eenainte de <a href=\"https:\/\/www.wiesbaden.de\/leben-in-wiesbaden\/verkehr\/fahrrad\/stadtradeln.php\">Ciclism \u00een ora\u0219 Wiesbaden 2022<\/a>.<\/p>\n\n<!-- wp:themify-builder\/canvas \/-->","protected":false},"excerpt":{"rendered":"<p>Duminic\u0103, 15 mai 2022, ADFC Wiesbaden va g\u0103zdui cel de-al doilea Kidical Mass Wiesbaden 2022. Punctul de \u00eent\u00e2lnire este la ora 15:00 pe site-ul Dern\u2019sches.<\/p>","protected":false},"author":52,"featured_media":1255,"comment_status":"closed","ping_status":"closed","sticky":false,"template":"Nachrichten-Seite.php","format":"standard","meta":{"footnotes":""},"categories":[932],"tags":[516,927,772],"class_list":["post-32","post","type-post","status-publish","format-standard","has-post-thumbnail","hentry","category-kidical-mass","tag-kidical-mass","tag-sommer","tag-wiesbaden","has-post-title","has-post-date","has-post-category","has-post-tag","has-post-comment","has-post-author",""],"builder_content":"","_links":{"self":[{"href":"https:\/\/www.adfc-wiesbaden.de\/ro\/wp-json\/wp\/v2\/posts\/32","targetHints":{"allow":["GET"]}}],"collection":[{"href":"https:\/\/www.adfc-wiesbaden.de\/ro\/wp-json\/wp\/v2\/posts"}],"about":[{"href":"https:\/\/www.adfc-wiesbaden.de\/ro\/wp-json\/wp\/v2\/types\/post"}],"author":[{"embeddable":true,"href":"https:\/\/www.adfc-wiesbaden.de\/ro\/wp-json\/wp\/v2\/users\/52"}],"replies":[{"embeddable":true,"href":"https:\/\/www.adfc-wiesbaden.de\/ro\/wp-json\/wp\/v2\/comments?post=32"}],"version-history":[{"count":3,"href":"https:\/\/www.adfc-wiesbaden.de\/ro\/wp-json\/wp\/v2\/posts\/32\/revisions"}],"predecessor-version":[{"id":76347,"href":"https:\/\/www.adfc-wiesbaden.de\/ro\/wp-json\/wp\/v2\/posts\/32\/revisions\/76347"}],"wp:featuredmedia":[{"embeddable":true,"href":"https:\/\/www.adfc-wiesbaden.de\/ro\/wp-json\/wp\/v2\/media\/1255"}],"wp:attachment":[{"href":"https:\/\/www.adfc-wiesbaden.de\/ro\/wp-json\/wp\/v2\/media?parent=32"}],"wp:term":[{"taxonomy":"category","embeddable":true,"href":"https:\/\/www.adfc-wiesbaden.de\/ro\/wp-json\/wp\/v2\/categories?post=32"},{"taxonomy":"post_tag","embeddable":true,"href":"https:\/\/www.adfc-wiesbaden.de\/ro\/wp-json\/wp\/v2\/tags?post=32"}],"curies":[{"name":"wp","href":"https:\/\/api.w.org\/{rel}","templated":true}]}}