{"id":39,"date":"2022-01-07T18:54:25","date_gmt":"2022-01-07T18:54:25","guid":{"rendered":"https:\/\/kidicalmass.adfc-wiesbaden.de\/?p=39"},"modified":"2026-04-24T19:57:35","modified_gmt":"2026-04-24T17:57:35","slug":"2022-09-25","status":"publish","type":"post","link":"https:\/\/www.adfc-wiesbaden.de\/ro\/2022\/01\/kidical-mass\/2022-09-25\/","title":{"rendered":"Masa copiilor 25 septembrie 2022"},"content":{"rendered":"<h1 class=\"wp-block-heading\" id=\"7.-Kidical-Mass-Wiesbaden\">7. Liturghie Kidical \u00een Wiesbaden<\/h1>\n\n\n\n<ul class=\"wp-block-list\">\n<li><a href=\"https:\/\/www.adfc-wiesbaden.de\/ro\/2022-09-25\/#Preise\">Pre\u021buri de r\u0103scump\u0103rare pentru timbre<\/a><\/li>\n\n\n\n<li><a href=\"https:\/\/www.adfc-wiesbaden.de\/ro\/2022-09-25\/#Malaktion\">Ac\u021biune de pictur\u0103<\/a><\/li>\n\n\n\n<li><a href=\"https:\/\/www.adfc-wiesbaden.de\/ro\/2022-09-25\/#Schilder\">bannere, semne, \u2026<\/a><\/li>\n\n\n\n<li><a href=\"https:\/\/www.adfc-wiesbaden.de\/ro\/2022-09-25\/#Zubringertouren\">Tururi de alimentare<\/a><\/li>\n<\/ul>\n\n\n\n<p>Cea de-a treia Mas\u0103 Kidical\u0103 Wiesbaden 2022 va avea loc pe 25.09. la ora 15:00, ca parte a lumii <a href=\"https:\/\/kinderaufsrad.org\/\" data-type=\"URL\" data-id=\"https:\/\/kinderaufsrad.org\/\" target=\"_blank\" rel=\"noreferrer noopener\">week-end de mas\u0103 Kidical<\/a> \u00een schimb. \u00cencepe excep\u021bional la Kranzplatz. Edi\u021bia de toamn\u0103 \u00eempodobe\u0219te festivalul ora\u0219ului. Centrul ora\u0219ului ademene\u0219te cu <a href=\"https:\/\/www.wiesbaden.de\/leben-in-wiesbaden\/freizeit\/feste\/verkaufsoffener-sonntag.php\" target=\"_blank\" rel=\"noreferrer noopener\">Deschis pentru v\u00e2nzare duminic\u0103<\/a>, pia\u021ba de toamn\u0103 din zona pietonal\u0103, festivalul ora\u0219ului de pe Dern\u2019sche Gel\u00e4nde \u0219i <a href=\"https:\/\/www.wiesbaden.de\/leben-in-wiesbaden\/freizeit\/feste\/erntedankfest.php\" target=\"_blank\" rel=\"noreferrer noopener\">Ziua Recuno\u0219tin\u021bei<\/a> \u00een intestinul cald. Acesta din urm\u0103 este sfatul nostru pentru a v\u0103 consolida dup\u0103 bicicleta pentru copii Corso cu produse regionale. <\/p>\n\n\n\n<h2 class=\"wp-block-heading\" id=\"Preise\">Pre\u021buri de r\u0103scump\u0103rare pentru timbre<\/h2>\n\n\n\n<p>Participa\u021bi la Liturghia Kidical de 3 ori \u0219i ob\u021bine\u021bi o surpriz\u0103, asta este ceea ce&nbsp;<a href=\"https:\/\/www.adfc-wiesbaden.de\/ro\/3-x-kidical-mass-1-ueberraschung\/\">Ac\u021biunea de \u0219tampilare<\/a>.\u00a0 Deci, aduce\u021bi flutura\u0219ii \u0219tampila\u021bi de la prima \u0219i a doua Mas\u0103 Kidical 2022, ob\u021bine\u021bi urm\u0103toarea \u0219tampil\u0103 \u0219i o mic\u0103 surpriz\u0103.<br>Ultimul timbru \u0219i pre\u021burile dau dup\u0103 c\u0103l\u0103toria la galben <a href=\"https:\/\/www.adfc-wiesbaden.de\/ro\/\" target=\"_blank\" rel=\"noreferrer noopener\">ADFC<\/a>Roata cu cutia din fa\u021b\u0103.<\/p>\n\n\n\n<h2 class=\"wp-block-heading\" id=\"Malaktion\">Ac\u021biune de pictur\u0103<\/h2>\n\n\n\n<p>Facem o pauz\u0103 \u00een fa\u021ba Landesmuseum din Friedrich-Ebert-Allee. Vom \u00eenfrumuse\u021ba asfaltul acestui drum altfel frecventat cu cret\u0103. Astfel, Masa Kidical r\u0103m\u00e2ne vizibil\u0103 pentru o mare varietate de participan\u021bi la trafic chiar \u0219i \u00een zilele urm\u0103toare. Nu exist\u0103 limite pentru creativitatea ta. Avem cret\u0103 la fa\u021ba locului. Astfel \u00eenc\u00e2t s\u0103 pute\u021bi picta mai mult \u0219i cu culoarea preferat\u0103, aduce\u021bi propria cret\u0103.<\/p>\n\n\n\n<h2 class=\"wp-block-heading\" id=\"Schilder\">bannere, semne, \u2026<\/h2>\n\n\n\n<p>Pentru a ar\u0103ta trec\u0103torilor despre ce este vorba, semnele, bannerele etc. sunt utile. Creeaz\u0103 acestea \u00een avans, le ata\u0219eaz\u0103 la ro\u021bi \u0219i, prin urmare, ne transport\u0103 inten\u021biile. Nu ai nici o idee despre semne, <a href=\"https:\/\/kinderaufsrad.org\/wp-content\/uploads\/2022\/05\/Demoschilder_KidicalMass_Selbstausdrucken-1.pdf\">aici<\/a> Pute\u021bi desc\u0103rca \u0219i imprima formulare. La ultimul Kinder-Fahrtrad-Korso, acest semn a fost imprimat cu men\u021biunea \u201eSafe speed down, thank you\u201d.<\/p>\n\n\n\n<div class=\"wp-block-cover aligncenter\" style=\"min-height:700px;aspect-ratio:unset;\"><img loading=\"lazy\" decoding=\"async\" width=\"700\" height=\"467\" class=\"wp-block-cover__image-background wp-image-69750\" alt=\"Un grup de bicicli\u0219ti, inclusiv mul\u021bi copii.\" src=\"https:\/\/www.adfc-wiesbaden.de\/wp-content\/uploads\/2025\/02\/KidicalMassWiesbaden_6d-700x467.jpg\" data-object-fit=\"cover\" srcset=\"https:\/\/www.adfc-wiesbaden.de\/wp-content\/uploads\/2025\/02\/KidicalMassWiesbaden_6d-700x467.jpg 700w, https:\/\/www.adfc-wiesbaden.de\/wp-content\/uploads\/2025\/02\/KidicalMassWiesbaden_6d-200x133.jpg 200w, https:\/\/www.adfc-wiesbaden.de\/wp-content\/uploads\/2025\/02\/KidicalMassWiesbaden_6d-768x512.jpg 768w, https:\/\/www.adfc-wiesbaden.de\/wp-content\/uploads\/2025\/02\/KidicalMassWiesbaden_6d-300x200.jpg 300w, https:\/\/www.adfc-wiesbaden.de\/wp-content\/uploads\/2025\/02\/KidicalMassWiesbaden_6d.jpg 1024w\" sizes=\"auto, (max-width: 700px) 100vw, 700px\" \/><span aria-hidden=\"true\" class=\"wp-block-cover__background has-background-dim\"><\/span><div class=\"wp-block-cover__inner-container is-layout-flow wp-block-cover-is-layout-flow\">\n<p class=\"has-text-align-center has-large-font-size\"><\/p>\n<\/div><\/div>\n\n\n\n<h2 class=\"wp-block-heading\" id=\"Zubringertouren\">Tururi de alimentare<\/h2>\n\n\n\n<p>\u00cen prezent, \u00eencerc\u0103m s\u0103 organiz\u0103m excursii de alimentare din diferite districte. Le vom publica aici s\u0103pt\u0103m\u00e2na viitoare. Dac\u0103 sunte\u021bi interesat, v\u0103 rug\u0103m s\u0103 ne scrie\u021bi: <a href=\"\/ro\/m&\/#97;&#x69;&#x6c;&#x74;o&#58;&#x6b;&#x69;&#x64;i&#99;&#x61;&#x6c;&#x6d;a&#115;&#x73;&#x40;&#x61;d&#102;&#x63;&#x2d;&#x77;i&#101;&#x73;&#x62;&#x61;d&#101;&#x6e;&#x2e;&#x64;e\">kidicalmass@adfc-wiesbaden.de<\/a><\/p>\n\n\n<!-- wp:themify-builder\/canvas \/-->","protected":false},"excerpt":{"rendered":"<p>Duminic\u0103, 25 septembrie 2022, ADFC Wiesbaden va g\u0103zdui cel de-al treilea Kidical Mass Wiesbaden 2022. Punctul de \u00eent\u00e2lnire este la 15:00 la Kranzplatz.<\/p>","protected":false},"author":52,"featured_media":1370,"comment_status":"closed","ping_status":"closed","sticky":false,"template":"Nachrichten-Seite.php","format":"standard","meta":{"footnotes":""},"categories":[932],"tags":[928,516,772],"class_list":["post-39","post","type-post","status-publish","format-standard","has-post-thumbnail","hentry","category-kidical-mass","tag-herbst","tag-kidical-mass","tag-wiesbaden","has-post-title","has-post-date","has-post-category","has-post-tag","has-post-comment","has-post-author",""],"builder_content":"","_links":{"self":[{"href":"https:\/\/www.adfc-wiesbaden.de\/ro\/wp-json\/wp\/v2\/posts\/39","targetHints":{"allow":["GET"]}}],"collection":[{"href":"https:\/\/www.adfc-wiesbaden.de\/ro\/wp-json\/wp\/v2\/posts"}],"about":[{"href":"https:\/\/www.adfc-wiesbaden.de\/ro\/wp-json\/wp\/v2\/types\/post"}],"author":[{"embeddable":true,"href":"https:\/\/www.adfc-wiesbaden.de\/ro\/wp-json\/wp\/v2\/users\/52"}],"replies":[{"embeddable":true,"href":"https:\/\/www.adfc-wiesbaden.de\/ro\/wp-json\/wp\/v2\/comments?post=39"}],"version-history":[{"count":7,"href":"https:\/\/www.adfc-wiesbaden.de\/ro\/wp-json\/wp\/v2\/posts\/39\/revisions"}],"predecessor-version":[{"id":76346,"href":"https:\/\/www.adfc-wiesbaden.de\/ro\/wp-json\/wp\/v2\/posts\/39\/revisions\/76346"}],"wp:featuredmedia":[{"embeddable":true,"href":"https:\/\/www.adfc-wiesbaden.de\/ro\/wp-json\/wp\/v2\/media\/1370"}],"wp:attachment":[{"href":"https:\/\/www.adfc-wiesbaden.de\/ro\/wp-json\/wp\/v2\/media?parent=39"}],"wp:term":[{"taxonomy":"category","embeddable":true,"href":"https:\/\/www.adfc-wiesbaden.de\/ro\/wp-json\/wp\/v2\/categories?post=39"},{"taxonomy":"post_tag","embeddable":true,"href":"https:\/\/www.adfc-wiesbaden.de\/ro\/wp-json\/wp\/v2\/tags?post=39"}],"curies":[{"name":"wp","href":"https:\/\/api.w.org\/{rel}","templated":true}]}}