{"id":76573,"date":"2026-04-26T00:48:12","date_gmt":"2026-04-25T22:48:12","guid":{"rendered":"https:\/\/www.adfc-wiesbaden.de\/2026\/04\/unkategorisiert\/adfc-fahrradboerse-am-2-mai-copy\/"},"modified":"2026-04-26T01:19:18","modified_gmt":"2026-04-25T23:19:18","slug":"film-cycling-cities-in-wiesbaden","status":"publish","type":"post","link":"https:\/\/www.adfc-wiesbaden.de\/ro\/2026\/04\/politik-verkehr\/film-cycling-cities-in-wiesbaden\/","title":{"rendered":"\"Ora\u0219e cicliste\" se desf\u0103\u0219oar\u0103 la Wiesbaden pe 12 iunie"},"content":{"rendered":"<!--themify_builder_content-->\n<div id=\"themify_builder_content-76573\" data-postid=\"76573\" class=\"themify_builder_content themify_builder_content-76573 themify_builder tf_clear\">\n                    <div  data-lazy=\"1\" class=\"module_row themify_builder_row tb_g5l6181 tb_first tf_w\">\n                        <div class=\"row_inner col_align_top tb_col_count_1 tf_box tf_rel\">\n                        <div  data-lazy=\"1\" class=\"module_column tb-column col-full tb_0cxq888 first\">\n                    <!-- module image -->\n<div  class=\"module module-image tb_5dc3300 image-top   tf_mw tb_gs2677162d\" data-lazy=\"1\">\n        <div class=\"image-wrap tf_rel tf_mw\">\n            <img loading=\"lazy\" decoding=\"async\" width=\"1600\" height=\"1201\" src=\"https:\/\/www.adfc-wiesbaden.de\/wp-content\/uploads\/2026\/04\/cycling-cities-teaserbild.jpg\" class=\"wp-post-image wp-image-76468\" title=\"Imagine de copert\u0103 &quot;Ora\u0219e cicliste&quot; | \u00a9 Ingwar Perowanowitsch\" alt=\"Imagine de copert\u0103 &quot;Ora\u0219e cicliste&quot; | \u00a9 Ingwar Perowanowitsch\" srcset=\"https:\/\/www.adfc-wiesbaden.de\/wp-content\/uploads\/2026\/04\/cycling-cities-teaserbild.jpg 1600w, https:\/\/www.adfc-wiesbaden.de\/wp-content\/uploads\/2026\/04\/cycling-cities-teaserbild-700x525.jpg 700w, https:\/\/www.adfc-wiesbaden.de\/wp-content\/uploads\/2026\/04\/cycling-cities-teaserbild-1400x1051.jpg 1400w, https:\/\/www.adfc-wiesbaden.de\/wp-content\/uploads\/2026\/04\/cycling-cities-teaserbild-200x150.jpg 200w, https:\/\/www.adfc-wiesbaden.de\/wp-content\/uploads\/2026\/04\/cycling-cities-teaserbild-768x576.jpg 768w, https:\/\/www.adfc-wiesbaden.de\/wp-content\/uploads\/2026\/04\/cycling-cities-teaserbild-1536x1153.jpg 1536w, https:\/\/www.adfc-wiesbaden.de\/wp-content\/uploads\/2026\/04\/cycling-cities-teaserbild-16x12.jpg 16w, https:\/\/www.adfc-wiesbaden.de\/wp-content\/uploads\/2026\/04\/cycling-cities-teaserbild-1400x1051-400x300.jpg 400w\" sizes=\"auto, (max-width: 1600px) 100vw, 1600px\" \/>    \n        <\/div>\n    <!-- \/image-wrap -->\n    \n        <div class=\"image-content\">\n                    <h3 class=\"image-title\">\n                                    Imagine de copert\u0103 \"Ora\u0219e cicliste\" | \u00a9 Ingwar Perowanowitsch                            <\/h3>\n                    <\/div>\n    <!-- \/image-content -->\n        <\/div>\n<!-- \/module image --><!-- module text -->\n<div  class=\"module module-text tb_am46888    tb_gs678604\" data-lazy=\"1\">\n        <div  class=\"tb_text_wrap\">\n        <h2>Eveniment de film politic: \u201eOra\u0219e cicliste\u201d<\/h2>\n<h3>Pe 12 iunie, politicienii, fanii bicicletelor \u0219i p\u0103r\u021bile interesate se vor \u00eent\u00e2lni la Muzeul Wiesbaden pentru inspira\u021bie \u0219i schimb de idei: Va fi prezentat impresionantul documentar \"Cycling Cities\" de Ingwar Perovanovich. Evenimentul va avea loc \u00een cadrul campaniei STADTRADELN 2026.<\/h3>\n<p>Wiesbaden se schimb\u0103. Mobilitatea, protec\u021bia climei \u0219i proiectarea spa\u021biilor noastre publice sunt temele centrale care ne provoac\u0103 ast\u0103zi \u0219i \u00een viitor. Dar cum reu\u0219e\u0219te transformarea \u00eentr-un ora\u0219 prietenos cu bicicletele, care nu este doar eficient, ci mai ales mai locuibil pentru to\u021bi cet\u0103\u021benii?<br \/>ADFC Wiesbaden, Grupul de Ini\u021biativ\u0103 Idei pentru Biebrich e.V. \u0219i \"Zukunft Schierstein\" v\u0103 invit\u0103 cordial la aceast\u0103 sear\u0103 special\u0103 de film cu \"Cycling Cities\".\u00a0A\u0219tept\u0103m cu ner\u0103bdare s\u0103 descoperim noi perspective pentru ora\u0219ul nostru \u00een aceast\u0103 sear\u0103:<\/p>\n<p style=\"padding-left: 40px;\"><strong>Locul de amplasare:<\/strong> <br \/>Muzeul din Wiesbaden<br \/>Muzeul de Stat Hessian de Art\u0103 \u0219i Natur\u0103<br \/>Friedrich-Ebert-Allee 2<br \/>65185 Wiesbaden<\/p>\n<p style=\"padding-left: 40px;\"><strong>Ora:<br \/><\/strong>\u00eentre orele 19:00 \u0219i 21:30<\/p>\n<p style=\"padding-left: 40px;\"><strong>Admitere:<\/strong> <br \/>gratuit - v\u0103 rug\u0103m s\u0103 v\u0103 \u00eenregistra\u021bi <a href=\"\/ro\/&\/#x6d;&#97;&#105;l&#x74;&#x6f;&#58;b&#x69;&#x63;&#105;bu&#x73;&#64;&#97;d&#x66;&#x63;&#45;w&#x69;&#x65;&#115;&#98;a&#x64;&#x65;&#110;&#46;&#x64;&#x65;\" target=\"_blank\" rel=\"noopener\">bicibus@adfc-wiesbaden.de<\/a>\u00a0<br \/><br \/><\/p>\n<h3>De ce este important acest film pentru Wiesbaden<\/h3>\n<p>Cycling Cities este mai mult dec\u00e2t un documentar despre ora\u0219ele prietenoase cu ciclismul. Filmul lumineaz\u0103 istoria de 100 de ani a ciclismului \u0219i arat\u0103 impresionant c\u0103 infrastructura de succes nu este o coinciden\u021b\u0103, ci rezultatul unor decizii politice curajoase.<\/p>\n<h3>Inspira\u021bie \u0219i amplificator; Impulsuri pentru factorii de decizie \u0219i designerii urbani<\/h3>\n<p style=\"padding-left: 40px;\"><strong>\u00cen\u021belege\u021bi cele mai bune practici:<\/strong> Afla\u021bi cum ora\u0219ele din \u00eentreaga lume au dep\u0103\u0219it obstacolele cu care ne confrunt\u0103m ast\u0103zi \u00een Wiesbaden.<\/p>\n<p style=\"padding-left: 40px;\"><strong>Calitatea vie\u021bii \u00een centrul aten\u021biei:<\/strong> Vede\u021bi cum planificarea favorabil\u0103 ciclismului consolideaz\u0103 economia local\u0103 \u0219i consolideaz\u0103 masiv cartierele, cum ar fi districtele Biebrich \u0219i Schierstein.<\/p>\n<p style=\"padding-left: 40px;\"><strong>Dialogul la nivelul ochilor:<\/strong> Utiliza\u021bi seara pentru schimburi informale cu exper\u021bi \u0219i cet\u0103\u021beni angaja\u021bi \u00eentr-o atmosfer\u0103 relaxat\u0103.<\/p>\n<p>Suntem convin\u0219i: Imaginile \u0219i solu\u021biile din \u201eOra\u0219ele ciclice\u201d ofer\u0103 un impuls valoros pentru activitatea de zi cu zi din cadrul comisiilor, al consiliilor locale, al parlamentului ora\u0219ului \u0219i al administra\u021biei. S\u0103 privim \u00een afara cutiei (\u0219i a ghidonului) \u00eempreun\u0103 pentru a face Wiesbaden potrivit pentru viitor.<\/p>\n<p>Mul\u021bumim deja \u00een acest moment <a href=\"https:\/\/museum-wiesbaden.de\/\" target=\"_blank\" rel=\"noopener\">Muzeul din Wiesbaden<\/a> Pentru ospitalitate!<\/p>    <\/div>\n<\/div>\n<!-- \/module text -->        <div  data-lazy=\"1\" class=\"module_subrow themify_builder_sub_row tf_w col_align_top tb_col_count_4 tb_k30f505\">\n                <div  data-lazy=\"1\" class=\"module_column sub_column col4-1 tb_klyu041 first\">\n                    <!-- module image -->\n<div  class=\"module module-image tb_97ht231 image-top   tf_mw tb_gs2677162d\" data-lazy=\"1\">\n        <div class=\"image-wrap tf_rel tf_mw\">\n            <img loading=\"lazy\" decoding=\"async\" width=\"400\" height=\"300\" src=\"https:\/\/www.adfc-wiesbaden.de\/wp-content\/uploads\/2026\/04\/adfc-wiesbaden-rtk-logo_4x3.jpg\" class=\"wp-post-image wp-image-76518\" title=\"adfc-wiesbaden-rtk-logo _4x3\" alt=\"adfc-wiesbaden-rtk-logo _4x3\" srcset=\"https:\/\/www.adfc-wiesbaden.de\/wp-content\/uploads\/2026\/04\/adfc-wiesbaden-rtk-logo_4x3.jpg 400w, https:\/\/www.adfc-wiesbaden.de\/wp-content\/uploads\/2026\/04\/adfc-wiesbaden-rtk-logo_4x3-200x150.jpg 200w, https:\/\/www.adfc-wiesbaden.de\/wp-content\/uploads\/2026\/04\/adfc-wiesbaden-rtk-logo_4x3-16x12.jpg 16w\" sizes=\"auto, (max-width: 400px) 100vw, 400px\" \/>    \n        <\/div>\n    <!-- \/image-wrap -->\n    \n        <\/div>\n<!-- \/module image -->        <\/div>\n                    <div  data-lazy=\"1\" class=\"module_column sub_column col4-1 tb_pryd400\">\n                    <!-- module image -->\n<div  class=\"module module-image tb_t2zk080 image-top   tf_mw tb_gs2677162d\" data-lazy=\"1\">\n        <div class=\"image-wrap tf_rel tf_mw\">\n            <img loading=\"lazy\" decoding=\"async\" width=\"400\" height=\"300\" src=\"https:\/\/www.adfc-wiesbaden.de\/wp-content\/uploads\/2026\/04\/ideen-fuer-biebrich-logo_4x3.jpg\" class=\"wp-post-image wp-image-76515\" title=\"ideen-fuer-biebrich-logo _4x3\" alt=\"ideen-fuer-biebrich-logo _4x3\" srcset=\"https:\/\/www.adfc-wiesbaden.de\/wp-content\/uploads\/2026\/04\/ideen-fuer-biebrich-logo_4x3.jpg 400w, https:\/\/www.adfc-wiesbaden.de\/wp-content\/uploads\/2026\/04\/ideen-fuer-biebrich-logo_4x3-200x150.jpg 200w, https:\/\/www.adfc-wiesbaden.de\/wp-content\/uploads\/2026\/04\/ideen-fuer-biebrich-logo_4x3-16x12.jpg 16w\" sizes=\"auto, (max-width: 400px) 100vw, 400px\" \/>    \n        <\/div>\n    <!-- \/image-wrap -->\n    \n        <\/div>\n<!-- \/module image -->        <\/div>\n                    <div  data-lazy=\"1\" class=\"module_column sub_column col4-1 tb_4mc6294\">\n                    <!-- module image -->\n<div  class=\"module module-image tb_kh54104 image-top   tf_mw tb_gs2677162d\" data-lazy=\"1\">\n        <div class=\"image-wrap tf_rel tf_mw\">\n            <img loading=\"lazy\" decoding=\"async\" width=\"400\" height=\"300\" src=\"https:\/\/www.adfc-wiesbaden.de\/wp-content\/uploads\/2026\/04\/zukunft-schierstein-logo_4x3.jpg\" class=\"wp-post-image wp-image-76516\" title=\"viitorul logo scherstein _4x3\" alt=\"viitorul logo scherstein _4x3\" srcset=\"https:\/\/www.adfc-wiesbaden.de\/wp-content\/uploads\/2026\/04\/zukunft-schierstein-logo_4x3.jpg 400w, https:\/\/www.adfc-wiesbaden.de\/wp-content\/uploads\/2026\/04\/zukunft-schierstein-logo_4x3-200x150.jpg 200w, https:\/\/www.adfc-wiesbaden.de\/wp-content\/uploads\/2026\/04\/zukunft-schierstein-logo_4x3-16x12.jpg 16w\" sizes=\"auto, (max-width: 400px) 100vw, 400px\" \/>    \n        <\/div>\n    <!-- \/image-wrap -->\n    \n        <\/div>\n<!-- \/module image -->        <\/div>\n                    <div  data-lazy=\"1\" class=\"module_column sub_column col4-1 tb_58c1270 last\">\n                    <!-- module image -->\n<div  class=\"module module-image tb_fht4659 image-top   tf_mw tb_gs2677162d\" data-lazy=\"1\">\n        <div class=\"image-wrap tf_rel tf_mw\">\n            <img loading=\"lazy\" decoding=\"async\" width=\"400\" height=\"300\" src=\"https:\/\/www.adfc-wiesbaden.de\/wp-content\/uploads\/2026\/04\/museum-wiesbaden-logo-neu.jpg\" class=\"wp-post-image wp-image-76585\" title=\"muzeu-wiesbaden-logo-nou\" alt=\"muzeu-wiesbaden-logo-nou\" srcset=\"https:\/\/www.adfc-wiesbaden.de\/wp-content\/uploads\/2026\/04\/museum-wiesbaden-logo-neu.jpg 400w, https:\/\/www.adfc-wiesbaden.de\/wp-content\/uploads\/2026\/04\/museum-wiesbaden-logo-neu-200x150.jpg 200w, https:\/\/www.adfc-wiesbaden.de\/wp-content\/uploads\/2026\/04\/museum-wiesbaden-logo-neu-16x12.jpg 16w\" sizes=\"auto, (max-width: 400px) 100vw, 400px\" \/>    \n        <\/div>\n    <!-- \/image-wrap -->\n    \n        <\/div>\n<!-- \/module image -->        <\/div>\n                    <\/div>\n                <div  data-lazy=\"1\" class=\"module_subrow themify_builder_sub_row tf_w col_align_top tb_col_count_1 tb_6hzc759\">\n                <div  data-lazy=\"1\" class=\"module_column sub_column col-full tb_7ggx760 first\">\n                    <!-- module divider -->\n<div  class=\"module tf_mw module-divider tb_zvu4406 solid\" style=\"border-width: 1px;border-color: #ffffff;margin-top: 20px;\" data-lazy=\"1\">\n    <\/div>\n<!-- \/module divider -->\n<!-- module text -->\n<div  class=\"module module-text tb_n970992\" data-lazy=\"1\">\n        <div  class=\"tb_text_wrap\">\n        <p>Mai multe despre programul-cadru al ac\u021biunii <a href=\"https:\/\/www.adfc-wiesbaden.de\/ro\/wiesbaden-tritt-an-stadtradeln-2026\/\">STADTRADELN \u00een Wiesbaden<\/a> s\u0103 se reg\u0103seasc\u0103 <a href=\"https:\/\/www.adfc-wiesbaden.de\/ro\/wiesbaden-tritt-an-stadtradeln-2026\/\">\u2192 aici<\/a>.<\/p>    <\/div>\n<\/div>\n<!-- \/module text -->        <\/div>\n                    <\/div>\n                <\/div>\n                        <\/div>\n        <\/div>\n        <\/div>\n<!--\/themify_builder_content-->\n\n\n<p><\/p>","protected":false},"excerpt":{"rendered":"<p>La 12 iunie, filmul \u201eCycling Cities\u201d de Ingwar Perowanowitsch ajunge la Wiesbaden. Filmul va fi prezentat la Muzeul Wiesbaden \u0219i to\u021bi politicienii locali sunt invita\u021bi cu c\u0103ldur\u0103!<\/p>","protected":false},"author":57,"featured_media":76468,"comment_status":"closed","ping_status":"closed","sticky":false,"template":"Nachrichten-Seite.php","format":"standard","meta":{"footnotes":""},"categories":[123,944,804],"tags":[775,816,807],"class_list":["post-76573","post","type-post","status-publish","format-standard","has-post-thumbnail","hentry","category-politik-verkehr","category-stadtradeln","category-veranstaltungen","tag-politik-verkehr","tag-stadtradeln","tag-veranstaltung","has-post-title","has-post-date","has-post-category","has-post-tag","has-post-comment","has-post-author",""],"builder_content":"<img src=\"https:\/\/www.adfc-wiesbaden.de\/wp-content\/uploads\/2026\/04\/cycling-cities-teaserbild.jpg\" title=\"Titelbild &quot;Cycling Cities&quot; | &copy; Ingwar Perowanowitsch\" alt=\"Titelbild &quot;Cycling Cities&quot; | &copy; Ingwar Perowanowitsch\" srcset=\"https:\/\/www.adfc-wiesbaden.de\/wp-content\/uploads\/2026\/04\/cycling-cities-teaserbild.jpg 1600w, https:\/\/www.adfc-wiesbaden.de\/wp-content\/uploads\/2026\/04\/cycling-cities-teaserbild-700x525.jpg 700w, https:\/\/www.adfc-wiesbaden.de\/wp-content\/uploads\/2026\/04\/cycling-cities-teaserbild-1400x1051.jpg 1400w, https:\/\/www.adfc-wiesbaden.de\/wp-content\/uploads\/2026\/04\/cycling-cities-teaserbild-200x150.jpg 200w, https:\/\/www.adfc-wiesbaden.de\/wp-content\/uploads\/2026\/04\/cycling-cities-teaserbild-768x576.jpg 768w, https:\/\/www.adfc-wiesbaden.de\/wp-content\/uploads\/2026\/04\/cycling-cities-teaserbild-1536x1153.jpg 1536w, https:\/\/www.adfc-wiesbaden.de\/wp-content\/uploads\/2026\/04\/cycling-cities-teaserbild-16x12.jpg 16w, https:\/\/www.adfc-wiesbaden.de\/wp-content\/uploads\/2026\/04\/cycling-cities-teaserbild-1400x1051-400x300.jpg 400w\" sizes=\"(max-width: 1600px) 100vw, 1600px\" \/> <h3> Titelbild \"Cycling Cities\" | &copy; Ingwar Perowanowitsch <\/h3>\n<h2>Politischer Film-Event: \u201eCycling Cities\u201c<\/h2> <h3>Am 12. Juni treffen sich Politiker:innen, Fahrradfans und Interessierte im Museum Wiesbaden zu Inspiration und Austausch: Gezeigt wird der beeindruckende Dokumentarfilm \u201eCycling Cities\u201c von Ingwar Perowanowitsch. Die Veranstaltung findet im Rahmen der Aktion STADTRADELN 2026 statt.<\/h3> <p>Wiesbaden befindet sich im Wandel. Mobilit\u00e4t, Klimaschutz und die Gestaltung unserer \u00f6ffentlichen R\u00e4ume sind die zentralen Themen, die uns heute und in Zukunft fordern. Doch wie gelingt die Transformation zur fahrradfreundlichen Stadt, die nicht nur effizient, sondern vor allem lebenswerter f\u00fcr alle B\u00fcrgerinnen und B\u00fcrger ist?<br \/>Der ADFC Wiesbaden, die Initiativgruppe Ideen f\u00fcr Biebrich e.V. und \"Zukunft Schierstein\" laden herzlich zu diesem besonderen Filmabend mit \u201eCycling Cities\u201c ein.\u00a0Wir freuen uns darauf, an diesem Abend neue Perspektiven f\u00fcr unsere Stadt zu entdecken:<\/p> <p style=\"padding-left: 40px;\"><strong>Ort:<\/strong> <br \/>Museum Wiesbaden<br \/>Hessisches Landesmuseum f\u00fcr Kunst und Natur<br \/>Friedrich-Ebert-Allee 2<br \/>65185 Wiesbaden<\/p> <p style=\"padding-left: 40px;\"><strong>Uhrzeit:<br \/><\/strong>19:00 \u2013 ca. 21:30 Uhr<\/p> <p style=\"padding-left: 40px;\"><strong>Eintritt:<\/strong> <br \/>frei - wir bitten um Anmeldung an <a href=\"mailto:bicibus@adfc-wiesbaden.de\" target=\"_blank\" rel=\"noopener\">bicibus@adfc-wiesbaden.de<\/a>\u00a0<br \/><br \/><\/p> <h3>Warum dieser Film f\u00fcr Wiesbaden wichtig ist<\/h3> <p>\u201eCycling Cities\u201c ist mehr als eine Dokumentation \u00fcber fahrradfreundliche St\u00e4dte. Der Film beleuchtet die 100-j\u00e4hrige Geschichte des Radverkehrs und zeigt auf beeindruckende Weise, dass erfolgreiche Infrastruktur kein Zufall ist, sondern das Ergebnis mutiger politischer Weichenstellungen.<\/p> <h3>Inspiration &amp; Impulse f\u00fcr Entscheidungstr\u00e4ger:innen und Stadtgestalter:innen<\/h3> <p style=\"padding-left: 40px;\"><strong>Best Practices verstehen:<\/strong> Erfahren Sie, wie St\u00e4dte weltweit H\u00fcrden \u00fcberwunden haben, vor denen wir in Wiesbaden heute stehen.<\/p> <p style=\"padding-left: 40px;\"><strong>Lebensqualit\u00e4t im Fokus:<\/strong> Sehen Sie, wie eine radgerechte Planung die lokale Wirtschaft st\u00e4rkt und Quartiere \u2013 wie etwa die Stadtteile Biebrich oder Schierstein \u2013 massiv aufwertet.<\/p> <p style=\"padding-left: 40px;\"><strong>Dialog auf Augenh\u00f6he:<\/strong> Nutzen Sie den Abend f\u00fcr den informellen Austausch mit Fachexperten und engagierten B\u00fcrger:innen in entspannter Atmosph\u00e4re.<\/p> <p>Wir sind \u00fcberzeugt: Die Bilder und L\u00f6sungsans\u00e4tze aus \u201eCycling Cities\u201c bieten wertvolle Impulse f\u00fcr die t\u00e4gliche Arbeit in den Aussch\u00fcssen, Ortsbeir\u00e4ten, im Stadtparlament und der Verwaltung. Lassen Sie uns gemeinsam \u00fcber den Tellerrand (und den Lenker) schauen, um Wiesbaden fit f\u00fcr die Zukunft zu machen.<\/p> <p>Danke schon an dieser Stelle ans <a href=\"https:\/\/museum-wiesbaden.de\/\" target=\"_blank\" rel=\"noopener\">Museum Wiesbaden<\/a> f\u00fcr die Gastfreundschaft!<\/p>\n<img src=\"https:\/\/www.adfc-wiesbaden.de\/wp-content\/uploads\/2026\/04\/adfc-wiesbaden-rtk-logo_4x3.jpg\" title=\"adfc-wiesbaden-rtk-logo_4x3\" alt=\"adfc-wiesbaden-rtk-logo_4x3\" srcset=\"https:\/\/www.adfc-wiesbaden.de\/wp-content\/uploads\/2026\/04\/adfc-wiesbaden-rtk-logo_4x3.jpg 400w, https:\/\/www.adfc-wiesbaden.de\/wp-content\/uploads\/2026\/04\/adfc-wiesbaden-rtk-logo_4x3-200x150.jpg 200w, https:\/\/www.adfc-wiesbaden.de\/wp-content\/uploads\/2026\/04\/adfc-wiesbaden-rtk-logo_4x3-16x12.jpg 16w\" sizes=\"(max-width: 400px) 100vw, 400px\" \/>\n<img src=\"https:\/\/www.adfc-wiesbaden.de\/wp-content\/uploads\/2026\/04\/ideen-fuer-biebrich-logo_4x3.jpg\" title=\"ideen-fuer-biebrich-logo_4x3\" alt=\"ideen-fuer-biebrich-logo_4x3\" srcset=\"https:\/\/www.adfc-wiesbaden.de\/wp-content\/uploads\/2026\/04\/ideen-fuer-biebrich-logo_4x3.jpg 400w, https:\/\/www.adfc-wiesbaden.de\/wp-content\/uploads\/2026\/04\/ideen-fuer-biebrich-logo_4x3-200x150.jpg 200w, https:\/\/www.adfc-wiesbaden.de\/wp-content\/uploads\/2026\/04\/ideen-fuer-biebrich-logo_4x3-16x12.jpg 16w\" sizes=\"(max-width: 400px) 100vw, 400px\" \/>\n<img src=\"https:\/\/www.adfc-wiesbaden.de\/wp-content\/uploads\/2026\/04\/zukunft-schierstein-logo_4x3.jpg\" title=\"zukunft-schierstein-logo_4x3\" alt=\"zukunft-schierstein-logo_4x3\" srcset=\"https:\/\/www.adfc-wiesbaden.de\/wp-content\/uploads\/2026\/04\/zukunft-schierstein-logo_4x3.jpg 400w, https:\/\/www.adfc-wiesbaden.de\/wp-content\/uploads\/2026\/04\/zukunft-schierstein-logo_4x3-200x150.jpg 200w, https:\/\/www.adfc-wiesbaden.de\/wp-content\/uploads\/2026\/04\/zukunft-schierstein-logo_4x3-16x12.jpg 16w\" sizes=\"(max-width: 400px) 100vw, 400px\" \/>\n<img src=\"https:\/\/www.adfc-wiesbaden.de\/wp-content\/uploads\/2026\/04\/museum-wiesbaden-logo-neu.jpg\" title=\"museum-wiesbaden-logo-neu\" alt=\"museum-wiesbaden-logo-neu\" srcset=\"https:\/\/www.adfc-wiesbaden.de\/wp-content\/uploads\/2026\/04\/museum-wiesbaden-logo-neu.jpg 400w, https:\/\/www.adfc-wiesbaden.de\/wp-content\/uploads\/2026\/04\/museum-wiesbaden-logo-neu-200x150.jpg 200w, https:\/\/www.adfc-wiesbaden.de\/wp-content\/uploads\/2026\/04\/museum-wiesbaden-logo-neu-16x12.jpg 16w\" sizes=\"(max-width: 400px) 100vw, 400px\" \/>\n\n<p>Mehr zum Rahmenprogramm der Aktion <a href=\"https:\/\/www.adfc-wiesbaden.de\/wiesbaden-tritt-an-stadtradeln-2026\/\">STADTRADELN in Wiesbaden<\/a> finden sich <a href=\"https:\/\/www.adfc-wiesbaden.de\/wiesbaden-tritt-an-stadtradeln-2026\/\">\u2192 hier<\/a>.<\/p>","_links":{"self":[{"href":"https:\/\/www.adfc-wiesbaden.de\/ro\/wp-json\/wp\/v2\/posts\/76573","targetHints":{"allow":["GET"]}}],"collection":[{"href":"https:\/\/www.adfc-wiesbaden.de\/ro\/wp-json\/wp\/v2\/posts"}],"about":[{"href":"https:\/\/www.adfc-wiesbaden.de\/ro\/wp-json\/wp\/v2\/types\/post"}],"author":[{"embeddable":true,"href":"https:\/\/www.adfc-wiesbaden.de\/ro\/wp-json\/wp\/v2\/users\/57"}],"replies":[{"embeddable":true,"href":"https:\/\/www.adfc-wiesbaden.de\/ro\/wp-json\/wp\/v2\/comments?post=76573"}],"version-history":[{"count":15,"href":"https:\/\/www.adfc-wiesbaden.de\/ro\/wp-json\/wp\/v2\/posts\/76573\/revisions"}],"predecessor-version":[{"id":76595,"href":"https:\/\/www.adfc-wiesbaden.de\/ro\/wp-json\/wp\/v2\/posts\/76573\/revisions\/76595"}],"wp:featuredmedia":[{"embeddable":true,"href":"https:\/\/www.adfc-wiesbaden.de\/ro\/wp-json\/wp\/v2\/media\/76468"}],"wp:attachment":[{"href":"https:\/\/www.adfc-wiesbaden.de\/ro\/wp-json\/wp\/v2\/media?parent=76573"}],"wp:term":[{"taxonomy":"category","embeddable":true,"href":"https:\/\/www.adfc-wiesbaden.de\/ro\/wp-json\/wp\/v2\/categories?post=76573"},{"taxonomy":"post_tag","embeddable":true,"href":"https:\/\/www.adfc-wiesbaden.de\/ro\/wp-json\/wp\/v2\/tags?post=76573"}],"curies":[{"name":"wp","href":"https:\/\/api.w.org\/{rel}","templated":true}]}}