{"id":76619,"date":"2026-04-28T21:48:20","date_gmt":"2026-04-28T19:48:20","guid":{"rendered":"https:\/\/www.adfc-wiesbaden.de\/?p=76619"},"modified":"2026-04-28T21:48:20","modified_gmt":"2026-04-28T19:48:20","slug":"fahrrad-garderobe-bei-der-bubenhaeuser-weinrunde","status":"publish","type":"post","link":"https:\/\/www.adfc-wiesbaden.de\/ro\/2026\/04\/verein\/fahrrad-garderobe-bei-der-bubenhaeuser-weinrunde\/","title":{"rendered":"ADFC \u00een Rheingau: Dulap pentru biciclete la Bubenh\u00e4user Weinrunde"},"content":{"rendered":"<!--themify_builder_content-->\n<div id=\"themify_builder_content-76619\" data-postid=\"76619\" class=\"themify_builder_content themify_builder_content-76619 themify_builder tf_clear\">\n                    <div  data-lazy=\"1\" class=\"module_row themify_builder_row tb_9ipv077 tb_first tf_w\">\n                        <div class=\"row_inner col_align_top tb_col_count_1 tf_box tf_rel\">\n                        <div  data-lazy=\"1\" class=\"module_column tb-column col-full tb_kd2m021 first\">\n                    <!-- module text -->\n<div  class=\"module module-text tb_svbv442    tb_gs678604\" data-lazy=\"1\">\n        <div  class=\"tb_text_wrap\">\n        <h1>\u201eBubenh\u00e4user Weinrunde\u201d cu garderob\u0103 pentru biciclete ADFC pentru prima dat\u0103<\/h1>\n<p><strong>Luni, 25 mai, \u00eentre orele 11:00 \u0219i 18:00, opt viticultori din Rauenthal \u00ee\u0219i \u00eenm\u00e2neaz\u0103 vinurile la Bubenh\u00e4user H\u00f6he din Rauenthal. ADFC va fi prezent la \u201eRunda vinului\u201d, cu un dulap pentru biciclete \u0219i un stand de informare.<\/strong><\/p>\n<p>\u00cen garderoba bicicletelor, voluntarii ADFC Bicycle Club supravegheaz\u0103 bicicletele parcate \u0219i v\u0103 ofer\u0103 un brand cu care v\u0103 pute\u021bi ridica bicicleta \u00een orice moment.<\/p>\n<p>Oferta gratuit\u0103 se adreseaz\u0103 tuturor celor care doresc s\u0103 se bucure de vinul rotund relaxat \u0219i f\u0103r\u0103 griji cu privire la bicicleta lor. Prin urmare: Merge\u021bi cu bicicleta la runda de vin \u2013 \u0219i parca\u021bi-v\u0103 bicicleta \u00een siguran\u021b\u0103 cu noi. Apoi, bucura\u021bi-v\u0103 de vinul rotund f\u0103r\u0103 nicio \u201epreocupare legat\u0103 de parcare\u201d.<\/p>\n<p>Pute\u021bi g\u0103si mai multe informa\u021bii despre Bubenh\u00e4user Wine Round <a href=\"https:\/\/www.rheingau.com\/event\/bubenhaeuser-weinrunde\/event.html\">aici<\/a>.\u00a0<\/p>\n<p>\u00a0<\/p>    <\/div>\n<\/div>\n<!-- \/module text --><!-- module image -->\n<div  class=\"module module-image tb_n0se880 image-top   tf_mw tb_gs2677162d\" data-lazy=\"1\">\n        <div class=\"image-wrap tf_rel tf_mw\">\n            <img loading=\"lazy\" decoding=\"async\" width=\"2000\" height=\"1500\" src=\"https:\/\/www.adfc-wiesbaden.de\/wp-content\/uploads\/2026\/04\/bubenhaeuser-weinrunde-2026_beitragsbild1-Kopie.jpg\" class=\"wp-post-image wp-image-76602\" title=\"Bubenh\u00e4user Wine Round | \u00a9 Viticultorii din Rauenthal\" alt=\"Bubenh\u00e4user Wine Round | \u00a9 Viticultorii din Rauenthal\" srcset=\"https:\/\/www.adfc-wiesbaden.de\/wp-content\/uploads\/2026\/04\/bubenhaeuser-weinrunde-2026_beitragsbild1-Kopie.jpg 2000w, https:\/\/www.adfc-wiesbaden.de\/wp-content\/uploads\/2026\/04\/bubenhaeuser-weinrunde-2026_beitragsbild1-Kopie-700x525.jpg 700w, https:\/\/www.adfc-wiesbaden.de\/wp-content\/uploads\/2026\/04\/bubenhaeuser-weinrunde-2026_beitragsbild1-Kopie-1400x1050.jpg 1400w, https:\/\/www.adfc-wiesbaden.de\/wp-content\/uploads\/2026\/04\/bubenhaeuser-weinrunde-2026_beitragsbild1-Kopie-200x150.jpg 200w, https:\/\/www.adfc-wiesbaden.de\/wp-content\/uploads\/2026\/04\/bubenhaeuser-weinrunde-2026_beitragsbild1-Kopie-768x576.jpg 768w, https:\/\/www.adfc-wiesbaden.de\/wp-content\/uploads\/2026\/04\/bubenhaeuser-weinrunde-2026_beitragsbild1-Kopie-1536x1152.jpg 1536w, https:\/\/www.adfc-wiesbaden.de\/wp-content\/uploads\/2026\/04\/bubenhaeuser-weinrunde-2026_beitragsbild1-Kopie-16x12.jpg 16w\" sizes=\"auto, (max-width: 2000px) 100vw, 2000px\" \/>    \n        <\/div>\n    <!-- \/image-wrap -->\n    \n        <div class=\"image-content\">\n                    <h3 class=\"image-title\">\n                                    Bubenh\u00e4user Wine Round | \u00a9 Viticultorii din Rauenthal                            <\/h3>\n                    <\/div>\n    <!-- \/image-content -->\n        <\/div>\n<!-- \/module image -->        <\/div>\n                        <\/div>\n        <\/div>\n        <\/div>\n<!--\/themify_builder_content-->\n\n\n<p><\/p>","protected":false},"excerpt":{"rendered":"<p>ADFC Wiesbaden\/Rheingau-Taunus ofer\u0103 pentru prima dat\u0103 un \u201edulap pentru biciclete\u201d la Bubenh\u00e4user Weinrunde, la 25 mai (lunia Rusaliilor). Un serviciu gratuit pentru to\u021bi cei care doresc s\u0103 se bucure de vin rotund relaxat \u0219i f\u0103r\u0103 griji cu privire la bicicleta lor.<\/p>","protected":false},"author":60,"featured_media":76601,"comment_status":"closed","ping_status":"closed","sticky":false,"template":"Nachrichten-Seite.php","format":"standard","meta":{"footnotes":""},"categories":[953,804,118],"tags":[857,807,806],"class_list":["post-76619","post","type-post","status-publish","format-standard","has-post-thumbnail","hentry","category-rheingau","category-veranstaltungen","category-verein","tag-rheingau","tag-veranstaltung","tag-verein","has-post-title","has-post-date","has-post-category","has-post-tag","has-post-comment","has-post-author",""],"builder_content":"<h1>\u201eBubenh\u00e4user Weinrunde\u201c erstmals mit ADFC Fahrrad-Garderobe<\/h1> <p><strong>Am Pfingstmontag, 25. Mai, von 11\u201e bis 18 Uhr, schenken acht Rauenthaler Winzer ihre Weine an der Bubenh\u00e4user H\u00f6he in Rauenthal aus. Der ADFC ist bei der \u201eWeinrunde\u201c mit Fahrrad-Garderobe und Infostand dabei.<\/strong><\/p> <p>Bei der Fahrrad-Garderobe beaufsichtigen ehrenamtliche Helfer:innen des ADFC Fahrrad-Clubs die abgestellten R\u00e4der und geben Euch eine Marke, mit der Ihr Euer Fahrrad jederzeit wieder abholen k\u00f6nnt.<\/p> <p>Das kostenfreie Angebot richtet sich an alle, die die Weinrunde entspannt und ohne Sorge um ihr Rad genie\u00dfen m\u00f6chten. Also: Einfach zur Weinrunde radeln - und das Fahrrad sicher bei uns abstellen. Dann die Weinrunde ganz ohne \u201eParkplatz-Sorgen\u201c genie\u00dfen.<\/p> <p>Mehr Infos zur Bubenh\u00e4user Weinrunde findest Du <a href=\"https:\/\/www.rheingau.com\/event\/bubenhaeuser-weinrunde\/event.html\">hier<\/a>.\u00a0<\/p> <p>\u00a0<\/p>\n<img src=\"https:\/\/www.adfc-wiesbaden.de\/wp-content\/uploads\/2026\/04\/bubenhaeuser-weinrunde-2026_beitragsbild1-Kopie.jpg\" title=\"Bubenh\u00e4user Weinrunde | &copy; Die Rauenthaler Winzer\" alt=\"Bubenh\u00e4user Weinrunde | &copy; Die Rauenthaler Winzer\" srcset=\"https:\/\/www.adfc-wiesbaden.de\/wp-content\/uploads\/2026\/04\/bubenhaeuser-weinrunde-2026_beitragsbild1-Kopie.jpg 2000w, https:\/\/www.adfc-wiesbaden.de\/wp-content\/uploads\/2026\/04\/bubenhaeuser-weinrunde-2026_beitragsbild1-Kopie-700x525.jpg 700w, https:\/\/www.adfc-wiesbaden.de\/wp-content\/uploads\/2026\/04\/bubenhaeuser-weinrunde-2026_beitragsbild1-Kopie-1400x1050.jpg 1400w, https:\/\/www.adfc-wiesbaden.de\/wp-content\/uploads\/2026\/04\/bubenhaeuser-weinrunde-2026_beitragsbild1-Kopie-200x150.jpg 200w, https:\/\/www.adfc-wiesbaden.de\/wp-content\/uploads\/2026\/04\/bubenhaeuser-weinrunde-2026_beitragsbild1-Kopie-768x576.jpg 768w, https:\/\/www.adfc-wiesbaden.de\/wp-content\/uploads\/2026\/04\/bubenhaeuser-weinrunde-2026_beitragsbild1-Kopie-1536x1152.jpg 1536w, https:\/\/www.adfc-wiesbaden.de\/wp-content\/uploads\/2026\/04\/bubenhaeuser-weinrunde-2026_beitragsbild1-Kopie-16x12.jpg 16w\" sizes=\"(max-width: 2000px) 100vw, 2000px\" \/> <h3> Bubenh\u00e4user Weinrunde | &copy; Die Rauenthaler Winzer <\/h3>","_links":{"self":[{"href":"https:\/\/www.adfc-wiesbaden.de\/ro\/wp-json\/wp\/v2\/posts\/76619","targetHints":{"allow":["GET"]}}],"collection":[{"href":"https:\/\/www.adfc-wiesbaden.de\/ro\/wp-json\/wp\/v2\/posts"}],"about":[{"href":"https:\/\/www.adfc-wiesbaden.de\/ro\/wp-json\/wp\/v2\/types\/post"}],"author":[{"embeddable":true,"href":"https:\/\/www.adfc-wiesbaden.de\/ro\/wp-json\/wp\/v2\/users\/60"}],"replies":[{"embeddable":true,"href":"https:\/\/www.adfc-wiesbaden.de\/ro\/wp-json\/wp\/v2\/comments?post=76619"}],"version-history":[{"count":29,"href":"https:\/\/www.adfc-wiesbaden.de\/ro\/wp-json\/wp\/v2\/posts\/76619\/revisions"}],"predecessor-version":[{"id":76649,"href":"https:\/\/www.adfc-wiesbaden.de\/ro\/wp-json\/wp\/v2\/posts\/76619\/revisions\/76649"}],"wp:featuredmedia":[{"embeddable":true,"href":"https:\/\/www.adfc-wiesbaden.de\/ro\/wp-json\/wp\/v2\/media\/76601"}],"wp:attachment":[{"href":"https:\/\/www.adfc-wiesbaden.de\/ro\/wp-json\/wp\/v2\/media?parent=76619"}],"wp:term":[{"taxonomy":"category","embeddable":true,"href":"https:\/\/www.adfc-wiesbaden.de\/ro\/wp-json\/wp\/v2\/categories?post=76619"},{"taxonomy":"post_tag","embeddable":true,"href":"https:\/\/www.adfc-wiesbaden.de\/ro\/wp-json\/wp\/v2\/tags?post=76619"}],"curies":[{"name":"wp","href":"https:\/\/api.w.org\/{rel}","templated":true}]}}