{"id":78029,"date":"2026-08-31T21:05:12","date_gmt":"2026-08-31T19:05:12","guid":{"rendered":"https:\/\/www.adfc-wiesbaden.de\/?p=78029"},"modified":"2026-08-31T21:05:13","modified_gmt":"2026-08-31T19:05:13","slug":"der-adfc-fragt-nach-wie-fahrradfreundlich-ist-wiesbaden","status":"publish","type":"post","link":"https:\/\/www.adfc-wiesbaden.de\/ro\/2026\/08\/politik-verkehr\/der-adfc-fragt-nach-wie-fahrradfreundlich-ist-wiesbaden\/","title":{"rendered":"ADFC \u00eentreab\u0103: C\u00e2t de prietenos este Wiesbaden cu bicicli\u0219tii?"},"content":{"rendered":"<p class=\"wp-block-paragraph\"><\/p>\n\n<!--themify_builder_content-->\n<div id=\"themify_builder_content-78029\" data-postid=\"78029\" class=\"themify_builder_content themify_builder_content-78029 themify_builder tf_clear\">\n                    <div  data-lazy=\"1\" class=\"module_row themify_builder_row tb_97nk009 tb_first tf_w\">\n                        <div class=\"row_inner col_align_top tb_col_count_1 tf_box tf_rel\">\n                        <div  data-lazy=\"1\" class=\"module_column tb-column col-full tb_5z01093 first\">\n                    <!-- module image -->\n<div  class=\"module module-image tb_eiyg657 image-top   tf_mw tb_gs2677162d\" data-lazy=\"1\">\n        <div class=\"image-wrap tf_rel tf_mw\">\n            <img loading=\"lazy\" decoding=\"async\" width=\"2159\" height=\"1215\" src=\"https:\/\/www.adfc-wiesbaden.de\/wp-content\/uploads\/2026\/08\/FKT26_Kommunen_KeyVisual_desktop.jpg\" class=\"wp-post-image wp-image-78033\" title=\"Testul climatic pentru biciclete 2026\" alt=\"C\u00e2t de prietenos cu bicicleta este locul t\u0103u? Testul climatic pentru biciclete ADFC 2026\" srcset=\"https:\/\/www.adfc-wiesbaden.de\/wp-content\/uploads\/2026\/08\/FKT26_Kommunen_KeyVisual_desktop.jpg 2159w, https:\/\/www.adfc-wiesbaden.de\/wp-content\/uploads\/2026\/08\/FKT26_Kommunen_KeyVisual_desktop-700x394.jpg 700w, https:\/\/www.adfc-wiesbaden.de\/wp-content\/uploads\/2026\/08\/FKT26_Kommunen_KeyVisual_desktop-1400x788.jpg 1400w, https:\/\/www.adfc-wiesbaden.de\/wp-content\/uploads\/2026\/08\/FKT26_Kommunen_KeyVisual_desktop-200x113.jpg 200w, https:\/\/www.adfc-wiesbaden.de\/wp-content\/uploads\/2026\/08\/FKT26_Kommunen_KeyVisual_desktop-768x432.jpg 768w, https:\/\/www.adfc-wiesbaden.de\/wp-content\/uploads\/2026\/08\/FKT26_Kommunen_KeyVisual_desktop-1536x864.jpg 1536w, https:\/\/www.adfc-wiesbaden.de\/wp-content\/uploads\/2026\/08\/FKT26_Kommunen_KeyVisual_desktop-2048x1153.jpg 2048w, https:\/\/www.adfc-wiesbaden.de\/wp-content\/uploads\/2026\/08\/FKT26_Kommunen_KeyVisual_desktop-18x10.jpg 18w\" sizes=\"auto, (max-width: 2159px) 100vw, 2159px\" \/>    \n        <\/div>\n    <!-- \/image-wrap -->\n    \n        <div class=\"image-content\">\n                    <h3 class=\"image-title\">\n                                    C\u00e2t de prietenos cu bicicleta este locul t\u0103u? ADFC Test climatic pentru biciclete 2026 | \u00a9 ADFC                            <\/h3>\n                    <\/div>\n    <!-- \/image-content -->\n        <\/div>\n<!-- \/module image --><!-- module text -->\n<div  class=\"module module-text tb_s3p7811    tb_gs678604\" data-lazy=\"1\">\n        <div  class=\"tb_text_wrap\">\n        <div class=\"button_container\">\n<div class=\"margin_16-16-8-0 adfc-orange-background\">\n<h1>ADFC \u00eentreab\u0103: C\u00e2t de prietenos este Wiesbaden cu bicicli\u0219tii?<\/h1>\n<h2>Marele test climatic ADFC pentru biciclete 2026 \u00eencepe ast\u0103zi. Nou\u0103: Copiii \u0219i adolescen\u021bii cu propriul sondaj<\/h2>\n<p>Wiesbaden, 1.9.26: Ast\u0103zi, marele test climatic ADFC (FKT) \u00eencepe \u00een 2026. De la 1 septembrie la 30 noiembrie, bicicli\u0219tii din toat\u0103 Germania vor putea evalua c\u00e2t de prietenoas\u0103 este bicicleta chiar aici, \u00een Wiesbaden. Care este starea pistelor pentru biciclete? C\u00e2t de mult se face deja pentru ciclism? Este ciclismul distractiv sau este mai stresant? Pentru prima dat\u0103, accentul se pune pe copii \u0219i adolescen\u021bi cu propriul sondaj. Clasamentul la nivel na\u021bional al celor mai prietenoase ora\u0219e pentru biciclete \u0219i rezultatele suplimentare ale sondajului vor fi prezentate \u00een prim\u0103vara anului 2027.<\/p>\n<p>Pre\u0219edintele federal al ADFC, Frank Masurat, a declarat: \u201eCiclismul v\u0103 men\u021bine \u00een form\u0103, este eficient din punctul de vedere al costurilor \u0219i benefic pentru clim\u0103 \u2013 este, de asemenea, distractiv. Prin urmare, multe ora\u0219e \u0219i municipalit\u0103\u021bi construiesc piste pentru biciclete \u0219i parc\u0103ri pentru biciclete. Dar condi\u021biile variaz\u0103 considerabil de la un loc la altul. Despre asta este vorba \u00een cel de-al 12-lea sondaj. Testul climatic pentru ciclism ADFC. Cum s-a dezvoltat accesibilitatea bicicletelor la fa\u021ba locului \u0219i unde mai trebuie \u00eembun\u0103t\u0103\u021bit\u0103? Rezultatele sondajului vor contribui la \u00eembun\u0103t\u0103\u021birea condi\u021biilor pentru bicicli\u0219ti.\u201d<\/p>\n<p>Mich\u00e9le Fleckenstein, membru al Consiliului de administra\u021bie al ADFC Wiesbaden\/Rheingau-Taunus, declar\u0103: \u201eOricine merge cu bicicleta \u00een mod regulat \u00een Wiesbaden cunoa\u0219te noile drumuri pentru biciclete Mosbacher Stra\u00dfe, Lessingstra\u00dfe sau nou-nou\u021b \u00een R\u00fcdesheimer Stra\u00dfe, dar \u0219i acolo unde situa\u021bia este confuz\u0103, cum ar fi direct la gara principal\u0103 sau prin intermediul numeroaselor \u0219antiere. Dorim s\u0103 facem aceste experien\u021be vizibile cu testul climatic ADFC pentru biciclete. Rezultatele ne arat\u0103 nou\u0103 \u0219i liderilor politici unde se afl\u0103 cu adev\u0103rat Wiesbaden atunci c\u00e2nd vine vorba de ciclism.<strong> \u00een ce domenii sunt \u00eenc\u0103 necesare ac\u021biuni<\/strong>. De aceea, facem apel la to\u021bi bicicli\u0219tii s\u0103 participe.\u201d<\/p>\n<h3>Focus pe copii \u0219i adolescen\u021bi<\/h3>\n<p>Pentru prima dat\u0103, ADFC \u00ee\u0219i dedic\u0103 propriul sondaj copiilor \u0219i adolescen\u021bilor, ca parte a testului climatic ADFC pentru biciclete. Tinerii, \u00een special, au nevoie de condi\u021bii deosebit de sigure pentru a putea merge cu bicicleta \u00een mod independent \u2013 la \u0219coal\u0103, la sport sau \u00een timpul liber. Prin urmare, ADFC vrea s\u0103 \u0219tie de la ei ce func\u021bioneaz\u0103 bine atunci c\u00e2nd merg cu bicicleta, ce \u00eei face dificili \u0219i ce trebuie schimbat, astfel \u00eenc\u00e2t s\u0103 le plac\u0103 s\u0103 se urce pe biciclet\u0103 sau chiar deloc.<\/p>\n<p>\u201eOferta pentru bicicli\u0219ti siguri \u0219i experimenta\u021bi s-a \u00eembun\u0103t\u0103\u021bit considerabil \u00een Wiesbaden \u00een ultimii ani \u0219i multe \u00eentreprinderi au propriile programe de mobilitate. Copiii \u0219i adolescen\u021bii rareori se urc\u0103 pe biciclet\u0103 \u00een Wiesbaden, deoarece conexiunile sigure, care pot fi gestionate \u0219i singure, precum \u0219i facilit\u0103\u021bile de parcare sigure lipsesc prea des. Copiii \u0219i tinerii experimenteaz\u0103 traficul rutier \u00een mod diferit fa\u021b\u0103 de adul\u021bi. R\u0103spunsurile lor pot ar\u0103ta foarte concret dac\u0103 tinerilor din Wiesbaden le place s\u0103 mearg\u0103 cu bicicleta \u0219i ce trebuie s\u0103 se schimbe pentru a putea c\u0103l\u0103tori \u00een siguran\u021b\u0103 \u0219i independent\", spune dr. Fleckenstein.<\/p>\n<p>Pentru a atrage aten\u021bia asupra nevoilor copiilor \u0219i adolescen\u021bilor, ADFC Wiesbaden organizeaz\u0103 o Liturghie Kidical (Kinder-Bicycle-Korso) pe 20 septembrie.<\/p>\n<h3>Participa\u021bi acum<\/h3>\n<p>C\u00e2t de sigur se simte ciclismul? Sunt pistele de biciclete suficient de largi \u0219i \u00een stare bun\u0103? C\u00e2t de des se folose\u0219te bicicleta? Sondajul online privind testul climatic ADFC pentru ciclism const\u0103 \u00een 27 de \u00eentreb\u0103ri, dureaz\u0103 aproximativ zece minute \u0219i se desf\u0103\u0219oar\u0103 p\u00e2n\u0103 la 30 noiembrie 2026. Sondajul are loc pentru a dou\u0103sprezecea oar\u0103 \u0219i arat\u0103 modul \u00een care bicicli\u0219tii \u00ee\u0219i experimenteaz\u0103 locul \u00eentr-un mod prietenos cu bicicli\u0219tii \u0219i unde exist\u0103 loc de \u00eembun\u0103t\u0103\u021bire. Cu c\u00e2t mai mul\u021bi oameni sub <a href=\"https:\/\/fkt.adfc.de\/befragung\"><strong>https:\/\/fkt.adfc.de\/befragung<\/strong><\/a> Participa\u021bi, cu c\u00e2t rezultatele sunt mai semnificative. \u00cen ultima rund\u0103, 213.000 de persoane din Germania au luat parte la sondaj. Prin urmare, ADFC Wiesbaden solicit\u0103 ca testul climatic ADFC pentru ciclism s\u0103 fie recomandat \u0219i prietenilor \u0219i cuno\u0219tin\u021belor, \u00een cluburi \u0219i la locul de munc\u0103.<\/p>\n<h3>Municipalit\u0103\u021bile sunt, de asemenea, \u00een cerere<\/h3>\n<p>Testul climatic al ciclului ADFC 2026 include trei sondaje: Bicicli\u0219tii evalueaz\u0103 c\u00e2t de prietenos este locul lor pentru biciclete, copiii \u0219i tinerii \u00ee\u0219i descriu experien\u021bele \u0219i nevoile \u00een r\u00e2ndul tinerilor FKT \u2013 iar \u00een cadrul municipalit\u0103\u021bii FKT, ora\u0219ele \u0219i municipalit\u0103\u021bile ofer\u0103 informa\u021bii cu privire la modul \u00een care promoveaz\u0103 deja ciclismul. Acest lucru face ca motocicleta pe site-ul vizibil din trei perspective diferite. Rezultatele vor fi prezentate \u00een prim\u0103vara anului 2027, inclusiv clasamentul la nivel na\u021bional al celor mai prietenoase ora\u0219e pentru biciclete.<\/p>\n<h3>Despre testul climatic ADFC pentru ciclism 2026<\/h3>\n<p>Ciclul ADFC Climate Test 2026 este finan\u021bat de Ministerul Federal al Transporturilor (BMV) din fonduri pentru punerea \u00een aplicare a Planului na\u021bional pentru ciclism (NRVP).<\/p>\n<h3>Despre ADFC Wiesbaden \/ Rheingau-Taunus e.V.<\/h3>\n<p>ADFC Wiesbaden reprezint\u0103 interesele bicicli\u0219tilor din capitala statului Hessian \u0219i din regiunea Rheingau-Taunus. Cu mai mult de 2.000 de membri la fa\u021ba locului, asocia\u021bia se angajeaz\u0103 s\u0103 respecte o politic\u0103 prietenoas\u0103 cu bicicleta, rute sigure \u0219i o mai bun\u0103 calitate a vie\u021bii prin designul modern al mobilit\u0103\u021bii.<\/p>\n<h3>Despre ADFC<\/h3>\n<p>Cu peste 240.000 de membri, Allgemeine Deutsche Fahrrad-Club e.V. (ADFC) este cea mai mare reprezentare a intereselor bicicli\u0219tilor din Germania \u0219i din \u00eentreaga lume. El ofer\u0103 consiliere cu privire la toate aspectele legate de biciclete. Din punct de vedere politic, ADFC se angajeaz\u0103 s\u0103 promoveze \u00een mod consecvent mersul cu bicicleta la nivel regional, na\u021bional \u0219i interna\u021bional.<\/p>\n<\/div>\n<\/div>    <\/div>\n<\/div>\n<!-- \/module text -->        <\/div>\n                        <\/div>\n        <\/div>\n        <\/div>\n<!--\/themify_builder_content-->\n\n\n<p class=\"wp-block-paragraph\"><\/p>","protected":false},"excerpt":{"rendered":"<p>Marele test climatic ADFC pentru biciclete 2026 \u00eencepe ast\u0103zi. Nou\u0103: Copiii \u0219i adolescen\u021bii cu propriul sondaj<\/p>","protected":false},"author":50,"featured_media":78032,"comment_status":"closed","ping_status":"closed","sticky":false,"template":"Nachrichten-Seite.php","format":"standard","meta":{"footnotes":""},"categories":[123,522],"tags":[865,775,738],"class_list":["post-78029","post","type-post","status-publish","format-standard","has-post-thumbnail","hentry","category-politik-verkehr","category-pressemitteilung","tag-fkt","tag-politik-verkehr","tag-pressemitteilung","has-post-title","has-post-date","has-post-category","has-post-tag","has-post-comment","has-post-author",""],"builder_content":"<img src=\"https:\/\/www.adfc-wiesbaden.de\/wp-content\/uploads\/2026\/08\/FKT26_Kommunen_KeyVisual_desktop.jpg\" title=\"Fahrradklima Test 2026\" alt=\"Wie fahrradfreundlich ist dein Ort? ADFC Fahrradklima Test 2026\" srcset=\"https:\/\/www.adfc-wiesbaden.de\/wp-content\/uploads\/2026\/08\/FKT26_Kommunen_KeyVisual_desktop.jpg 2159w, https:\/\/www.adfc-wiesbaden.de\/wp-content\/uploads\/2026\/08\/FKT26_Kommunen_KeyVisual_desktop-700x394.jpg 700w, https:\/\/www.adfc-wiesbaden.de\/wp-content\/uploads\/2026\/08\/FKT26_Kommunen_KeyVisual_desktop-1400x788.jpg 1400w, https:\/\/www.adfc-wiesbaden.de\/wp-content\/uploads\/2026\/08\/FKT26_Kommunen_KeyVisual_desktop-200x113.jpg 200w, https:\/\/www.adfc-wiesbaden.de\/wp-content\/uploads\/2026\/08\/FKT26_Kommunen_KeyVisual_desktop-768x432.jpg 768w, https:\/\/www.adfc-wiesbaden.de\/wp-content\/uploads\/2026\/08\/FKT26_Kommunen_KeyVisual_desktop-1536x864.jpg 1536w, https:\/\/www.adfc-wiesbaden.de\/wp-content\/uploads\/2026\/08\/FKT26_Kommunen_KeyVisual_desktop-2048x1153.jpg 2048w, https:\/\/www.adfc-wiesbaden.de\/wp-content\/uploads\/2026\/08\/FKT26_Kommunen_KeyVisual_desktop-18x10.jpg 18w\" sizes=\"(max-width: 2159px) 100vw, 2159px\" \/> <h3> Wie fahrradfreundlich ist dein Ort? ADFC Fahrradklima Test 2026 | &copy; ADFC <\/h3>\n<h1>Der ADFC fragt nach: Wie fahrradfreundlich ist Wiesbaden?<\/h1> <h2>Der gro\u00dfe ADFC-Fahrradklima-Test 2026 startet heute. Neu: Kinder und Jugendliche mit eigener Umfrage<\/h2> <p>Wiesbaden, den 01.09.2026: Heute startet der gro\u00dfe ADFC-Fahrradklima-Test (FKT) 2026. Vom 1. September bis zum 30. November k\u00f6nnen Radfahrer und Radfahrerinnen in ganz Deutschland bewerten, wie fahrradfreundlich es direkt hier vor Ort in Wiesbaden ist. Wie ist der Zustand der Radwege? Wie viel wird f\u00fcrs Radfahren schon getan? Macht Radfahren Spa\u00df oder ist es eher Stress? Zum ersten Mal stehen Kinder und Jugendliche mit einer eigenen Umfrage im Fokus. Das bundesweite Ranking der fahrradfreundlichsten St\u00e4dte und weitere Ergebnisse der Befragung werden im Fr\u00fchjahr 2027 vorgestellt.<\/p> <p>ADFC-Bundesvorsitzender Frank Masurat sagt: \u201eRadfahren h\u00e4lt fit, ist kosteng\u00fcnstig und gut f\u00fcr das Klima \u2013 Spa\u00df macht es obendrein. Viele St\u00e4dte und Gemeinden bauen deswegen Radwege und Fahrradparkh\u00e4user. Doch die Bedingungen unterscheiden sich von Ort zu Ort erheblich. Genau darum geht es bei der Befragung zum 12. ADFC-Fahrradklima-Test. Wie hat sich die Fahrradfreundlichkeit vor Ort entwickelt und wo muss noch nachgebessert werden? Die Ergebnisse der Befragung helfen dabei, die Bedingungen f\u00fcr Radfahrerinnen und Radfahrer zu verbessern.\u201c<\/p> <p>Mich\u00e9le Fleckenstein, Vorstandsmitglied des ADFC Wiesbaden\/Rheingau-Taunus, sagt: \u201eWer regelm\u00e4\u00dfig mit dem Fahrrad in Wiesbaden unterwegs ist, kennt die neuen Fahrradstra\u00dfen Mosbacher Stra\u00dfe, Lessingstra\u00dfe oder brandneu in der R\u00fcdesheimer Stra\u00dfe, aber auch, wo die Situation wie direkt am Hauptbahnhof oder durch die vielen Baustellen un\u00fcbersichtlich ist. Diese Erfahrungen wollen wir mit dem ADFC-Fahrradklima-Test sichtbar machen. Die Ergebnisse zeigen uns und den politisch Verantwortlichen, wo Wiesbaden beim Radverkehr wirklich steht und<strong> in welchen Bereichen noch Handlungsbedarf besteht<\/strong>. Deshalb rufen wir alle Radfahrerinnen und Radfahrer dazu auf, mitzumachen.\u201c<\/p> <h3>Kinder und Jugendliche im Fokus<\/h3> <p>Zum ersten Mal widmet der ADFC auch Kindern und Jugendlichen eine eigene Umfrage im Rahmen des ADFC-Fahrradklima-Tests. Gerade junge Menschen brauchen besonders sichere Bedingungen, um selbstst\u00e4ndig mit dem Rad unterwegs zu sein \u2013 zur Schule, zum Sport oder in der Freizeit. Deshalb m\u00f6chte der ADFC von ihnen selbst wissen, was beim Radfahren gut funktioniert, was ihnen Schwierigkeiten macht und was sich ver\u00e4ndern muss, damit sie gerne oder \u00fcberhaupt auf das Fahrrad steigen.<\/p> <p>\u201eDas Angebot f\u00fcr sichere und erfahrene Radfahrende hat sich in Wiesbaden in den letzten Jahren stark verbessert und viele Unternehmen haben eigene Mobilit\u00e4tsprogramme. Kinder und Jugendliche steigen in Wiesbaden selten aufs Rad, denn sichere Verbindungen, die auch alleine bew\u00e4ltigt werden k\u00f6nnen, sowie sichere Abstellanlagen fehlen noch zu oft. Kinder und Jugendliche erleben den Stra\u00dfenverkehr anders als Erwachsene. Ihre Antworten k\u00f6nnen sehr konkret zeigen, ob junge Menschen in Wiesbaden gerne Rad fahren und was sich \u00e4ndern muss, damit sie sicher und selbstst\u00e4ndig unterwegs sein k\u00f6nnen\u201c, sagt Fleckenstein.<\/p> <p>Um auf die Bed\u00fcrfnisse von Kindern und Jugendlichen aufmerksam zu machen, veranstaltet der ADFC Wiesbaden am 20.09. eine Kidical Mass (Kinder-Fahrrad-Korso).<\/p> <h3>Jetzt teilnehmen<\/h3> <p>Wie sicher f\u00fchlt sich Radfahren an? Sind die Radwege breit genug und in einem guten Zustand? Wie h\u00e4ufig wird das Fahrrad genutzt? Die Online-Befragung zum ADFC-Fahrradklima-Test besteht aus 27 Fragen, dauert rund zehn Minuten und l\u00e4uft bis zum 30. November 2026. Die Befragung findet zum zw\u00f6lften Mal statt und macht deutlich, wie fahrradfreundlich Radfahrerinnen und Radfahrer ihren Ort erleben und wo es Verbesserungsbedarf gibt. Je mehr Menschen unter <a href=\"https:\/\/fkt.adfc.de\/befragung\"><strong>https:\/\/fkt.adfc.de\/befragung<\/strong><\/a> teilnehmen, umso aussagekr\u00e4ftiger sind die Ergebnisse. Beim letzten Durchgang haben 213.000 Menschen in ganz Deutschland an der Befragung teilgenommen. Der ADFC Wiesbaden ruft deshalb dazu auf, den ADFC-Fahrradklima-Test auch im Freundes- und Bekanntenkreis, in Vereinen und am Arbeitsplatz weiterzuempfehlen.<\/p> <h3>Auch die Kommunen sind gefragt<\/h3> <p>Zum ADFC-Fahrradklima-Test 2026 geh\u00f6ren drei Befragungen: Radfahrerinnen und Radfahrer bewerten die Fahrradfreundlichkeit ihres Ortes, Kinder und Jugendliche schildern im FKT-Jugendliche ihre Erfahrungen und Bed\u00fcrfnisse \u2013 und beim FKT-Kommunen geben St\u00e4dte und Gemeinden Auskunft, wie sie den Radverkehr schon f\u00f6rdern. Damit wird die Fahrradfreundlichkeit vor Ort aus drei unterschiedlichen Perspektiven sichtbar. Die Ergebnisse werden im Fr\u00fchjahr 2027 vorgestellt, dazu geh\u00f6rt auch das bundesweite Ranking der fahrradfreundlichsten St\u00e4dte.<\/p> <h3>\u00dcber den ADFC-Fahrradklima-Test 2026<\/h3> <p>Der ADFC-Fahrradklima-Test 2026 wird gef\u00f6rdert durch das Bundesministerium f\u00fcr Verkehr (BMV) aus Mitteln zur Umsetzung des Nationalen Radverkehrsplans (NRVP).<\/p> <h3>\u00dcber den ADFC Wiesbaden \/ Rheingau-Taunus e.V.<\/h3> <p>Der ADFC Wiesbaden ist die Interessenvertretung f\u00fcr Radfahrerinnen und Radfahrer in der hessischen Landeshauptstadt und der Region Rheingau-Taunus. Mit \u00fcber 2.000 Mitgliedern vor Ort setzt sich der Verein f\u00fcr eine fahrradfreundliche Politik, sichere Wege und mehr Lebensqualit\u00e4t durch eine moderne Mobilit\u00e4tsgestaltung ein.<\/p> <h3>\u00dcber den ADFC<\/h3> <p>Der Allgemeine Deutsche Fahrrad-Club e.V. (ADFC) ist mit mehr als 240.000 Mitgliedern die gr\u00f6\u00dfte Interessenvertretung der Radfahrerenden in Deutschland und weltweit. Er ber\u00e4t in allen Fragen rund ums Fahrrad. Politisch engagiert sich der ADFC auf regionaler, nationaler und internationaler Ebene f\u00fcr die konsequente F\u00f6rderung des Radverkehrs.<\/p>","_links":{"self":[{"href":"https:\/\/www.adfc-wiesbaden.de\/ro\/wp-json\/wp\/v2\/posts\/78029","targetHints":{"allow":["GET"]}}],"collection":[{"href":"https:\/\/www.adfc-wiesbaden.de\/ro\/wp-json\/wp\/v2\/posts"}],"about":[{"href":"https:\/\/www.adfc-wiesbaden.de\/ro\/wp-json\/wp\/v2\/types\/post"}],"author":[{"embeddable":true,"href":"https:\/\/www.adfc-wiesbaden.de\/ro\/wp-json\/wp\/v2\/users\/50"}],"replies":[{"embeddable":true,"href":"https:\/\/www.adfc-wiesbaden.de\/ro\/wp-json\/wp\/v2\/comments?post=78029"}],"version-history":[{"count":20,"href":"https:\/\/www.adfc-wiesbaden.de\/ro\/wp-json\/wp\/v2\/posts\/78029\/revisions"}],"predecessor-version":[{"id":78051,"href":"https:\/\/www.adfc-wiesbaden.de\/ro\/wp-json\/wp\/v2\/posts\/78029\/revisions\/78051"}],"wp:featuredmedia":[{"embeddable":true,"href":"https:\/\/www.adfc-wiesbaden.de\/ro\/wp-json\/wp\/v2\/media\/78032"}],"wp:attachment":[{"href":"https:\/\/www.adfc-wiesbaden.de\/ro\/wp-json\/wp\/v2\/media?parent=78029"}],"wp:term":[{"taxonomy":"category","embeddable":true,"href":"https:\/\/www.adfc-wiesbaden.de\/ro\/wp-json\/wp\/v2\/categories?post=78029"},{"taxonomy":"post_tag","embeddable":true,"href":"https:\/\/www.adfc-wiesbaden.de\/ro\/wp-json\/wp\/v2\/tags?post=78029"}],"curies":[{"name":"wp","href":"https:\/\/api.w.org\/{rel}","templated":true}]}}