{"id":1380,"date":"2023-01-31T18:55:23","date_gmt":"2023-01-31T18:55:23","guid":{"rendered":"https:\/\/kidicalmass.adfc-wiesbaden.de\/?p=1380"},"modified":"2026-04-24T19:53:41","modified_gmt":"2026-04-24T17:53:41","slug":"2023-03-19","status":"publish","type":"post","link":"https:\/\/www.adfc-wiesbaden.de\/tr\/2023\/01\/kidical-mass\/2023-03-19\/","title":{"rendered":"\u00c7ocuk kitlesi 19 Mart 2023"},"content":{"rendered":"<h2 class=\"wp-block-heading\">8. Wiesbaden'de Kidical Mass<\/h2>\n\n\n\n<p>\u0130lk Kidical Mass Wiesbaden 2023, 19.03 Pazar g\u00fcn\u00fc saat 15:00'te ger\u00e7ekle\u015fecek. Dernsches b\u00f6lgesine geri d\u00f6nelim. Dondurma salonu seviyesinde. \u0130yi bir 5 km ve 50 metre y\u00fckseklikten sonra, \u00e7ocuk bisikleti Corso Wellritz Vadisi'nde sona erer.<\/p>\n\n\n\n<h2 class=\"wp-block-heading\" id=\"Zubringertouren\">Besleyici turlar\u0131<\/h2>\n\n\n\n<p>Farkl\u0131 b\u00f6lgelerden besleyici turlar olacak. * Besleme turlar\u0131nda, ayn\u0131 b\u00f6lgeden baz\u0131 aileler bir araya gelir ve Dern\u2019sche Gel\u00e4nde'nin ba\u015flang\u0131\u00e7 noktas\u0131na birlikte giderler. Besleyiciler kay\u0131tl\u0131 bir g\u00f6steri de\u011fildir. Bisiklet yollar\u0131nda s\u00fcr\u00fcl\u00fcr.<br>Odan\u0131zdan bir besleyici ile ilgileniyorsan\u0131z, bize yaz\u0131n, <a href=\"\/tr\/&\/#109;&#x61;&#105;&#x6c;&#116;&#x6f;&#58;&#x6b;i&#x64;i&#x63;a&#x6c;m&#97;&#x73;&#115;&#x40;&#97;&#x64;&#102;&#x63;&#45;&#x77;i&#x65;s&#x62;a&#x64;e&#110;&#x2e;&#100;&#x65;\">kidicalmass@adfc-wiesbaden.de<\/a>, Bir, \u00f6rg\u00fctlenmeye yard\u0131m ediyoruz.<\/p>\n\n\n\n<figure class=\"wp-block-table\"><table><tbody><tr><td>\u0130l\u00e7e \/ il\u00e7e<\/td><td>Bulu\u015fma yeri<\/td><td>Saat (anlam ayr\u0131m\u0131)<\/td><\/tr><tr><td>Biebrich<\/td><td>Fl\u00fct \u00e7alar \u00e7e\u015fme<br>Ren Nehri k\u0131y\u0131s\u0131nda<\/td><td>14:15<\/td><\/tr><tr><td>Kohlheck<\/td><td>Cam kaplar<br>Paul-Gerhardt-Stra\u00dfe k\u00f6\u015fesinde Dolomit yol<\/td><td>14:15<\/td><\/tr><tr><td>Sanat\u00e7\u0131 \u00c7eyrekli\u011fi<\/td><td>Yeni bina Friedrich-von-Schiller-Schule<br>Carla-Henius-Stra\u00dfe 3-5<\/td><td>14:20<\/td><\/tr><tr><td>Kategori: Rheingau b\u00f6lgesi<\/td><td>Kategori: Glyg (anlam ayr\u0131m\u0131)<br>Rauenthalerstra\u00dfe'nin Marcobrunnerstra\u00dfe k\u00f6\u015fesi<\/td><td>14:30<\/td><\/tr><tr><td>Westend<\/td><td>Park bank\u0131nda<br>Goebenstra\u00dfe k\u00f6\u015fesi Scharnhorststra\u00dfe<\/td><td>14:30<\/td><\/tr><\/tbody><\/table><\/figure>\n\n\n<!-- wp:themify-builder\/canvas \/-->","protected":false},"excerpt":{"rendered":"<p>19 Mart 2023 Pazar g\u00fcn\u00fc ADFC Wiesbaden, ilk Kidical Mass Wiesbaden 2023'e ev sahipli\u011fi yapacak. Bulu\u015fma noktas\u0131 saat 15:00'te Dernsches sahas\u0131nda.<\/p>","protected":false},"author":52,"featured_media":76050,"comment_status":"closed","ping_status":"closed","sticky":false,"template":"Nachrichten-Seite.php","format":"standard","meta":{"footnotes":""},"categories":[932],"tags":[925,516,772],"class_list":["post-1380","post","type-post","status-publish","format-standard","has-post-thumbnail","hentry","category-kidical-mass","tag-fruehling","tag-kidical-mass","tag-wiesbaden","has-post-title","has-post-date","has-post-category","has-post-tag","has-post-comment","has-post-author",""],"builder_content":"","_links":{"self":[{"href":"https:\/\/www.adfc-wiesbaden.de\/tr\/wp-json\/wp\/v2\/posts\/1380","targetHints":{"allow":["GET"]}}],"collection":[{"href":"https:\/\/www.adfc-wiesbaden.de\/tr\/wp-json\/wp\/v2\/posts"}],"about":[{"href":"https:\/\/www.adfc-wiesbaden.de\/tr\/wp-json\/wp\/v2\/types\/post"}],"author":[{"embeddable":true,"href":"https:\/\/www.adfc-wiesbaden.de\/tr\/wp-json\/wp\/v2\/users\/52"}],"replies":[{"embeddable":true,"href":"https:\/\/www.adfc-wiesbaden.de\/tr\/wp-json\/wp\/v2\/comments?post=1380"}],"version-history":[{"count":5,"href":"https:\/\/www.adfc-wiesbaden.de\/tr\/wp-json\/wp\/v2\/posts\/1380\/revisions"}],"predecessor-version":[{"id":76335,"href":"https:\/\/www.adfc-wiesbaden.de\/tr\/wp-json\/wp\/v2\/posts\/1380\/revisions\/76335"}],"wp:featuredmedia":[{"embeddable":true,"href":"https:\/\/www.adfc-wiesbaden.de\/tr\/wp-json\/wp\/v2\/media\/76050"}],"wp:attachment":[{"href":"https:\/\/www.adfc-wiesbaden.de\/tr\/wp-json\/wp\/v2\/media?parent=1380"}],"wp:term":[{"taxonomy":"category","embeddable":true,"href":"https:\/\/www.adfc-wiesbaden.de\/tr\/wp-json\/wp\/v2\/categories?post=1380"},{"taxonomy":"post_tag","embeddable":true,"href":"https:\/\/www.adfc-wiesbaden.de\/tr\/wp-json\/wp\/v2\/tags?post=1380"}],"curies":[{"name":"wp","href":"https:\/\/api.w.org\/{rel}","templated":true}]}}