{"id":1382,"date":"2023-01-31T18:57:54","date_gmt":"2023-01-31T18:57:54","guid":{"rendered":"https:\/\/kidicalmass.adfc-wiesbaden.de\/?p=1382"},"modified":"2026-04-24T19:53:03","modified_gmt":"2026-04-24T17:53:03","slug":"2023-05-07","status":"publish","type":"post","link":"https:\/\/www.adfc-wiesbaden.de\/tr\/2023\/01\/kidical-mass\/2023-05-07\/","title":{"rendered":"Kidical Mass 07 May\u0131s 2023"},"content":{"rendered":"<h2 class=\"wp-block-heading\">9. Wiesbaden'de Kidical Mass<\/h2>\n\n\n\n<p>\u0130kinci Kidical Mass Wiesbaden 2023, 07.05 Pazar g\u00fcn\u00fc saat 15:00'te ger\u00e7ekle\u015fecek. Dondurma salonu seviyesindeki Dernsches arazisinde tekrar ba\u015fl\u0131yoruz. Nerede sona erdi\u011fimizi iki hafta \u00f6nce blogda \u00f6\u011frenebilirsiniz.<\/p>\n\n\n\n<h2 class=\"wp-block-heading\">Ortak i\u015faretlerin haz\u0131rlanmas\u0131<\/h2>\n\n\n\n<p>* \u2018Gemeinschaftlich Wohnen e.G.\u2019'un 20. y\u0131ld\u00f6n\u00fcm\u00fc i\u00e7in yap\u0131lan eylemlerin bir par\u00e7as\u0131 olarak, <a href=\"http:\/\/gemeinschaftlich-wohnen.de\">Konut projesi Bl\u00fc17<\/a> i\u00e7inde <strong>Bl\u00fccherstra\u00dfe 17<\/strong> \u00fczerinde <strong>5 May\u0131s Cuma g\u00fcn\u00fc<\/strong> itibaren <strong>16:00'dan 18:00'e kadar.<\/strong> \u0130\u015faretler de var. \u0130\u015faretler bisikletlerimizi s\u00fcsl\u00fcyor ve mesaj\u0131m\u0131z\u0131 ta\u015f\u0131yor. i\u015f\u00e7ili\u011fi i\u00e7in, t\u00fcm \u00f6nceden haber vermeden bekliyoruz. * Karton, renk ve kordon gibi malzemeler mevcuttur \u2013 sadece yarat\u0131c\u0131l\u0131\u011f\u0131n\u0131z\u0131 ve ne\u015fenizi getirirsiniz.<br>Kidical Mass'taki bir molan\u0131n bir par\u00e7as\u0131 olarak, bisiklet\u00e7iler Bl\u00fc17'den g\u00fc\u00e7lendirici bir s\u00fcrpriz bekleyebilirler.<\/p>\n\n\n\n<h2 class=\"wp-block-heading\" id=\"Zubringertouren\">Besleyici turlar\u0131<\/h2>\n\n\n\n<p>Farkl\u0131 b\u00f6lgelerden besleyici turlar olacak. * Besleme turlar\u0131nda, ayn\u0131 b\u00f6lgeden baz\u0131 aileler bir araya gelir ve Dern\u2019sche Gel\u00e4nde'nin ba\u015flang\u0131\u00e7 noktas\u0131na birlikte giderler. Besleyiciler kay\u0131tl\u0131 bir g\u00f6steri de\u011fildir ve etkinli\u011fin bir par\u00e7as\u0131 de\u011fildir. Bisiklet yollar\u0131nda s\u00fcr\u00fcl\u00fcr.<br>Odan\u0131zdan bir besleyici ile ilgileniyorsan\u0131z, bize yaz\u0131n, <a href=\"\/tr\/&\/#109;&#x61;&#105;&#x6c;&#116;&#x6f;:&#x6b;i&#100;&#x69;&#99;&#x61;&#108;&#x6d;a&#x73;s&#64;&#x61;&#100;&#x66;&#99;&#x2d;&#119;&#x69;e&#x73;b&#97;&#x64;&#101;&#x6e;&#46;&#x64;e\">kidicalmass@adfc-wiesbaden.de<\/a>, bir. - Evet. Organizasyona yard\u0131m ediyoruz.<\/p>\n\n\n\n<figure class=\"wp-block-table\"><table><tbody><tr><td>\u0130l\u00e7e \/ il\u00e7e<\/td><td>Bulu\u015fma yeri<\/td><td>Saat (anlam ayr\u0131m\u0131)<\/td><td>G\u00fczergah\u0131<\/td><\/tr><tr><td>Biebrich<\/td><td>Fl\u00fct \u00e7alar \u00e7e\u015fme<br>Ren Nehri k\u0131y\u0131s\u0131nda<\/td><td>14:15<\/td><td>5,5 km uzakl\u0131kta<\/td><\/tr><tr><td>Kategori: \u015eiir b\u00f6lgesi<\/td><td>Kald\u0131ra\u00e7 okulu<br>Hebbelplatz \/ Hebbelstra\u00dfe<\/td><td>14:30<\/td><td>1,9 km uzakl\u0131kta<\/td><\/tr><tr><td>Kohlheck<\/td><td>Cam kaplar<br>Paul-Gerhardt-Stra\u00dfe k\u00f6\u015fesinde Dolomit yol<\/td><td>14:15<\/td><td>4,4 km<\/td><\/tr><tr><td>Sanat\u00e7\u0131 \u00c7eyrekli\u011fi<\/td><td>Friedrich von Schiller Okulu (yeni bina)<br>Carla-Henius-Stra\u00dfe 3-5<\/td><td>14:20<\/td><td>2,9 km uzakl\u0131kta<\/td><\/tr><tr><td>Kuzeydo\u011fu<\/td><td>St. John's Mass School<br>Bisiklet stand\u0131 Johannes-Maa\u00df-Stra\u00dfe \/ gg\u00fc. Mezarl\u0131k duvar\u0131<\/td><td>14:30<\/td><td>1,1 km uzakl\u0131kta<\/td><\/tr><tr><td>Kategori: Rheingau b\u00f6lgesi<\/td><td>Kategori: Glyg (anlam ayr\u0131m\u0131)<br>Rauenthalerstra\u00dfe'nin Marcobrunnerstra\u00dfe k\u00f6\u015fesi<\/td><td>14:30<\/td><td>1,7 km uzakl\u0131kta<\/td><\/tr><tr><td>Westend<\/td><td>Bl\u00fccher okulu<br>Scharnhorststra\u00dfe Ecle Bl\u00fccherstra\u00dfe<\/td><td>14:30<\/td><td>1,4 km uzakl\u0131kta<\/td><\/tr><\/tbody><\/table><\/figure>\n\n\n\n<p id=\"ZubringertourenKarte\">Besleyici turlar\u0131 haritas\u0131<\/p>\n\n\n\n<iframe \nsrc=\"https:\/\/www.google.com\/maps\/d\/embed?mid=1ZAm5gIuXRSSWHlbo949vL5pQXz0aHQs&#038;ehbc=2E312F\" width=\"880\" height=\"660\"><\/iframe>\n\n\n<!-- wp:themify-builder\/canvas \/-->","protected":false},"excerpt":{"rendered":"<p>7 May\u0131s 2023 Pazar g\u00fcn\u00fc ADFC Wiesbaden, ikinci Kidical Mass Wiesbaden 2023'e ev sahipli\u011fi yapacak. Bulu\u015fma noktas\u0131 saat 15:00'te Dernsches sahas\u0131nda.<\/p>","protected":false},"author":52,"featured_media":1598,"comment_status":"closed","ping_status":"closed","sticky":false,"template":"Nachrichten-Seite.php","format":"standard","meta":{"footnotes":""},"categories":[932],"tags":[516,927,772],"class_list":["post-1382","post","type-post","status-publish","format-standard","has-post-thumbnail","hentry","category-kidical-mass","tag-kidical-mass","tag-sommer","tag-wiesbaden","has-post-title","has-post-date","has-post-category","has-post-tag","has-post-comment","has-post-author",""],"builder_content":"","_links":{"self":[{"href":"https:\/\/www.adfc-wiesbaden.de\/tr\/wp-json\/wp\/v2\/posts\/1382","targetHints":{"allow":["GET"]}}],"collection":[{"href":"https:\/\/www.adfc-wiesbaden.de\/tr\/wp-json\/wp\/v2\/posts"}],"about":[{"href":"https:\/\/www.adfc-wiesbaden.de\/tr\/wp-json\/wp\/v2\/types\/post"}],"author":[{"embeddable":true,"href":"https:\/\/www.adfc-wiesbaden.de\/tr\/wp-json\/wp\/v2\/users\/52"}],"replies":[{"embeddable":true,"href":"https:\/\/www.adfc-wiesbaden.de\/tr\/wp-json\/wp\/v2\/comments?post=1382"}],"version-history":[{"count":4,"href":"https:\/\/www.adfc-wiesbaden.de\/tr\/wp-json\/wp\/v2\/posts\/1382\/revisions"}],"predecessor-version":[{"id":76331,"href":"https:\/\/www.adfc-wiesbaden.de\/tr\/wp-json\/wp\/v2\/posts\/1382\/revisions\/76331"}],"wp:featuredmedia":[{"embeddable":true,"href":"https:\/\/www.adfc-wiesbaden.de\/tr\/wp-json\/wp\/v2\/media\/1598"}],"wp:attachment":[{"href":"https:\/\/www.adfc-wiesbaden.de\/tr\/wp-json\/wp\/v2\/media?parent=1382"}],"wp:term":[{"taxonomy":"category","embeddable":true,"href":"https:\/\/www.adfc-wiesbaden.de\/tr\/wp-json\/wp\/v2\/categories?post=1382"},{"taxonomy":"post_tag","embeddable":true,"href":"https:\/\/www.adfc-wiesbaden.de\/tr\/wp-json\/wp\/v2\/tags?post=1382"}],"curies":[{"name":"wp","href":"https:\/\/api.w.org\/{rel}","templated":true}]}}