{"id":1387,"date":"2023-01-31T23:04:07","date_gmt":"2023-01-31T23:04:07","guid":{"rendered":"https:\/\/kidicalmass.adfc-wiesbaden.de\/?p=1387"},"modified":"2026-04-24T20:00:50","modified_gmt":"2026-04-24T18:00:50","slug":"2023-09-24","status":"publish","type":"post","link":"https:\/\/www.adfc-wiesbaden.de\/tr\/2023\/01\/kidical-mass\/2023-09-24\/","title":{"rendered":"Kidical Mass 24 Eyl\u00fcl 2023'te"},"content":{"rendered":"<p><\/p>\n\n\n\n<h2 class=\"wp-block-heading\">10. Wiesbaden'de Kidical Mass<\/h2>\n\n\n\n<p>\u00dc\u00e7\u00fcnc\u00fc Kidical Mass Wiesbaden 2023, 24 Eyl\u00fcl'de saat 15:00'te d\u00fcnya \u00e7ap\u0131nda ger\u00e7ekle\u015fecek. <a href=\"https:\/\/kinderaufsrad.org\/\" target=\"_blank\" rel=\"noreferrer noopener\">Kidical Toplu Eylem G\u00fcnleri<\/a> Onun yerine. S\u0131rad\u0131\u015f\u0131 bir \u015fekilde Kranzplatz'da ba\u015fl\u0131yor. Bu sefer Nerotal tesislerinde her \u015fey bitti. Merak etme, sadece Taunusstra\u00dfe'de s\u00fcrm\u00fcyoruz.<\/p>\n\n\n\n<h2 class=\"wp-block-heading\">Hedeflerimizi destekler<\/h2>\n\n\n\n<p>Ba\u015fl\u0131ca hedeflerimiz imzalanabilen ve payla\u015f\u0131labilen bir dilek\u00e7ede \u00f6zetlenmi\u015ftir. Dilek\u00e7eyi burada bulabilirsiniz: <a href=\"https:\/\/weact.campact.de\/petitions\/kinder-aufs-rad-fur-ein-lebenswertes-wiesbaden\" target=\"_blank\" rel=\"noreferrer noopener\">https:\/\/weact.campact.de\/petitions\/kinder-aufs-rad-fur-ein-lebenswertes-wiesbaden<\/a><\/p>\n\n\n\n<p>D\u00fcnyam\u0131z\u0131 de\u011fi\u015ftirmek i\u00e7in politika \u00fczerinde s\u00fcrekli bir bask\u0131ya ihtiya\u00e7 var. Mart Ula\u015ft\u0131rma Bakanlar\u0131 Konferans\u0131, \u00e7ocuk dostu hareketlili\u011fe odaklanarak StVG ve StVO'nun reformunu desteklemesine ra\u011fmen, hen\u00fcz hi\u00e7bir \u015fey reforme edilmedi. Bu nedenle, bu b\u00fcy\u00fck de\u011fi\u015fim i\u00e7in hep birlikte y\u00fczle\u015felim ve birlikte binelim.<\/p>\n\n\n\n<h2 class=\"wp-block-heading\" id=\"Zubringertouren\">Besleyici turlar\u0131<\/h2>\n\n\n\n<p>Farkl\u0131 b\u00f6lgelerden besleyici turlar olacak. Besleme turlar\u0131nda, baz\u0131 aileler il\u00e7edeki ilkokulda bulu\u015fur ve birlikte ba\u015flang\u0131\u00e7 noktas\u0131na giderler. Besleyiciler kay\u0131tl\u0131 bir g\u00f6steri de\u011fildir ve etkinli\u011fin bir par\u00e7as\u0131 de\u011fildir. Bisiklet yollar\u0131nda s\u00fcr\u00fcl\u00fcr.<br>Odan\u0131zdan besleyici yok ve ilgileniyorsunuz, sonra bize yaz\u0131n, <a href=\"\/tr\/&\/#109;&#x61;i&#x6c;&#x74;&#111;&#x3a;k&#x69;&#x64;&#105;&#x63;a&#x6c;&#x6d;&#97;&#x73;s&#x40;&#x61;&#100;&#x66;c&#x2d;&#x77;&#105;&#x65;s&#x62;&#x61;&#100;&#x65;n&#x2e;&#x64;&#101;\">kidicalmass@adfc-wiesbaden.de<\/a>, bir. - Evet. Organizasyona yard\u0131m ediyoruz.<\/p>\n\n\n\n<p>Planlanan besleyici turlar\u0131 (de\u011fi\u015fiklikler eklenecektir):<\/p>\n\n\n\n<figure class=\"wp-block-table alignleft\"><table><tbody><tr><td>\u0130l\u00e7e \/ il\u00e7e<\/td><td class=\"has-text-align-left\" data-align=\"left\">Bulu\u015fma yeri<\/td><td>Saat (anlam ayr\u0131m\u0131)<\/td><td>G\u00fczergah\u0131<\/td><\/tr><tr><td>Biebrich<\/td><td class=\"has-text-align-left\" data-align=\"left\">Fl\u00fct \u00e7alar \u00e7e\u015fme<br>Ren Nehri k\u0131y\u0131s\u0131nda<\/td><td>14:15<\/td><td>6,2 km uzakl\u0131kta<\/td><\/tr><tr><td>Kategori: \u015eiir b\u00f6lgesi<\/td><td class=\"has-text-align-left\" data-align=\"left\">Kald\u0131ra\u00e7 okulu<br>Hebbelplatz \/ Hebbelstra\u00dfe<\/td><td>14:30<\/td><td>2,8 km uzakl\u0131kta<\/td><\/tr><tr><td>Kohlheck<\/td><td class=\"has-text-align-left\" data-align=\"left\">Cam kaplar<br>Paul-Gerhardt-Stra\u00dfe k\u00f6\u015fesinde Dolomit yol<\/td><td>14:15<\/td><td>5,1 km<\/td><\/tr><tr><td>Sanat\u00e7\u0131 \u00c7eyrekli\u011fi<\/td><td class=\"has-text-align-left\" data-align=\"left\">Friedrich von Schiller Okulu (yeni bina)<br>Carla-Henius-Stra\u00dfe 3-5<\/td><td>14:20<\/td><td>3,5 km uzakl\u0131kta<\/td><\/tr><tr><td>Kuzeydo\u011fu<\/td><td class=\"has-text-align-left\" data-align=\"left\">St. John's Mass School<br>Bisiklet stand\u0131 Johannes-Maa\u00df-Stra\u00dfe \/ gg\u00fc. Mezarl\u0131k duvar\u0131<\/td><td>14:30<\/td><td>1,4 km uzakl\u0131kta<\/td><\/tr><tr><td>Waldstra\u00dfe<\/td><td class=\"has-text-align-left\" data-align=\"left\">Kategori: Diesterweg okulu<br>Riedstra\u00dfe'nin Baumstra\u00dfe k\u00f6\u015fesi<\/td><td>14:15<\/td><td>4,7 km uzakl\u0131kta<\/td><\/tr><tr><td>Westend<\/td><td class=\"has-text-align-left\" data-align=\"left\">Bl\u00fccher okulu<br>Bl\u00fccherstra\u00dfe'nin Scharnhorststra\u00dfe k\u00f6\u015fesi<\/td><td>14:30<\/td><td>2,2 km<\/td><\/tr><\/tbody><\/table><figcaption class=\"wp-element-caption\">Durum ve durum: 22.09.2023 11:00<\/figcaption><\/figure>\n\n\n\n<h4 class=\"wp-block-heading\" id=\"Zubringertourenkarte\">Besleyici turlar\u0131 haritas\u0131<\/h4>\n\n\n\n<iframe \nsrc=\"https:\/\/www.google.com\/maps\/d\/embed?mid=1Lwihg_fSdtNO-vRCCoI92-00k10VcLY&#038;ehbc=2E312F&#038;\" width=\"640\" height=\"480\"><\/iframe>\n\n\n\n<h2 class=\"wp-block-heading\" id=\"Preise\">Pullar i\u00e7in fiyatlar\u0131 kullan<\/h2>\n\n\n\n<p>Kidical Mass 3 kez kat\u0131l\u0131n ve bir s\u00fcrpriz olsun, bu ne bizim&nbsp;<a href=\"https:\/\/www.adfc-wiesbaden.de\/tr\/3-x-kidical-mass-1-ueberraschung\/\">Damga hareketi<\/a>.\u00a0 Bu y\u00fczden, birinci ve ikinci Kidical Mass 2023'ten damgal\u0131 el ilanlar\u0131n\u0131z\u0131 getirin, bir sonraki damgay\u0131 ve k\u00fc\u00e7\u00fck bir s\u00fcrprizi al\u0131n.<br>Son damga ve fiyatlar sar\u0131 yolculuktan sonra vermek <a href=\"https:\/\/www.adfc-wiesbaden.de\/tr\/\" target=\"_blank\" rel=\"noreferrer noopener\">ADFC<\/a>\u00d6ndeki kutuyla tekerle\u011fi.<\/p>\n\n\n<!-- wp:themify-builder\/canvas \/-->","protected":false},"excerpt":{"rendered":"<p>24 Eyl\u00fcl 2023 Pazar g\u00fcn\u00fc ADFC Wiesbaden, \u00fc\u00e7\u00fcnc\u00fc Kidical Mass Wiesbaden 2023'e ev sahipli\u011fi yapacak. Bulu\u015fma noktas\u0131 saat 15:00'te Kranzplatz'da.<\/p>","protected":false},"author":52,"featured_media":1489,"comment_status":"closed","ping_status":"closed","sticky":false,"template":"Nachrichten-Seite.php","format":"standard","meta":{"footnotes":""},"categories":[932],"tags":[928,516,772],"class_list":["post-1387","post","type-post","status-publish","format-standard","has-post-thumbnail","hentry","category-kidical-mass","tag-herbst","tag-kidical-mass","tag-wiesbaden","has-post-title","has-post-date","has-post-category","has-post-tag","has-post-comment","has-post-author",""],"builder_content":"","_links":{"self":[{"href":"https:\/\/www.adfc-wiesbaden.de\/tr\/wp-json\/wp\/v2\/posts\/1387","targetHints":{"allow":["GET"]}}],"collection":[{"href":"https:\/\/www.adfc-wiesbaden.de\/tr\/wp-json\/wp\/v2\/posts"}],"about":[{"href":"https:\/\/www.adfc-wiesbaden.de\/tr\/wp-json\/wp\/v2\/types\/post"}],"author":[{"embeddable":true,"href":"https:\/\/www.adfc-wiesbaden.de\/tr\/wp-json\/wp\/v2\/users\/52"}],"replies":[{"embeddable":true,"href":"https:\/\/www.adfc-wiesbaden.de\/tr\/wp-json\/wp\/v2\/comments?post=1387"}],"version-history":[{"count":3,"href":"https:\/\/www.adfc-wiesbaden.de\/tr\/wp-json\/wp\/v2\/posts\/1387\/revisions"}],"predecessor-version":[{"id":76355,"href":"https:\/\/www.adfc-wiesbaden.de\/tr\/wp-json\/wp\/v2\/posts\/1387\/revisions\/76355"}],"wp:featuredmedia":[{"embeddable":true,"href":"https:\/\/www.adfc-wiesbaden.de\/tr\/wp-json\/wp\/v2\/media\/1489"}],"wp:attachment":[{"href":"https:\/\/www.adfc-wiesbaden.de\/tr\/wp-json\/wp\/v2\/media?parent=1387"}],"wp:term":[{"taxonomy":"category","embeddable":true,"href":"https:\/\/www.adfc-wiesbaden.de\/tr\/wp-json\/wp\/v2\/categories?post=1387"},{"taxonomy":"post_tag","embeddable":true,"href":"https:\/\/www.adfc-wiesbaden.de\/tr\/wp-json\/wp\/v2\/tags?post=1387"}],"curies":[{"name":"wp","href":"https:\/\/api.w.org\/{rel}","templated":true}]}}