{"id":1537,"date":"2024-01-31T21:11:04","date_gmt":"2024-01-31T21:11:04","guid":{"rendered":"https:\/\/kidicalmass.adfc-wiesbaden.de\/?p=1537"},"modified":"2026-04-24T19:33:35","modified_gmt":"2026-04-24T17:33:35","slug":"07-juli-2024","status":"publish","type":"post","link":"https:\/\/www.adfc-wiesbaden.de\/tr\/2024\/01\/kidical-mass\/07-juli-2024\/","title":{"rendered":"Kidical Mass 07 Temmuz 2024'te"},"content":{"rendered":"<h2 class=\"wp-block-heading\">12. Wiesbaden'de Kidical Mass<\/h2>\n\n\n\n<p>\u0130kinci Kidical Mass Wiesbaden 2024, 07.07. Pazar g\u00fcn\u00fc saat 15:00'te ger\u00e7ekle\u015fecek. * Dondurma salonu seviyesindeki Dern\u2019sches sahas\u0131nda tekrar ba\u015fl\u0131yoruz. * Bu sefer 5.9 km sonra \u2018playground'daki spa tesislerinde sona eriyoruz. Bu termal banyo Aukammtal y\u00fcksekli\u011finde yer almaktad\u0131r.<br>B\u00fcy\u00fck \u00e7ay\u0131r, oyun oynamak ve piknik yapmak i\u00e7in alan sunar. Buz kamyonu k\u00fcresel formda so\u011futma getiriyor.<\/p>\n\n\n\n<h2 class=\"wp-block-heading\">Besleyici turlar\u0131<\/h2>\n\n\n\n<p>Besleyici turlar, ailelerin il\u00e7edeki ilkokullar\u0131nda bulu\u015ftuklar\u0131 ve daha sonra ba\u015flang\u0131\u00e7 noktas\u0131na birlikte gittikleri kendi kendine organize gezilerdir. Besleyiciler kay\u0131tl\u0131 bir g\u00f6steri de\u011fildir ve etkinli\u011fin bir par\u00e7as\u0131 de\u011fildir. Bisiklet yollar\u0131 ve d\u00fc\u015f\u00fck trafikli yan yollarda s\u00fcr\u00fcl\u00fcr.<br>Odan\u0131zdan hen\u00fcz besleyici yok ve ilgileniyorsunuz, sonra bize yaz\u0131n, <a href=\"mailto:kidic&#97;&#108;&#109;&#97;&#115;&#115;&#64;&#97;&#100;&#102;&#99;&#45;&#119;&#105;&#101;&#x73;&#x62;&#x61;&#x64;&#x65;&#x6e;&#x2e;&#x64;&#x65;\">kidicalmass@adfc-wiesbaden.de<\/a>, bir. - Evet. Organizasyona yard\u0131m ediyoruz.<\/p>\n\n\n\n<p>Planl\u0131 besleyici turlar\u0131 (de\u011fi\u015fiklikler s\u00fcrekli g\u00fcncellenir):<\/p>\n\n\n\n<figure class=\"wp-block-table\"><table><tbody><tr><td>\u0130l\u00e7e \/ il\u00e7e<\/td><td>Bulu\u015fma yeri<\/td><td>Saat (anlam ayr\u0131m\u0131)<\/td><td>G\u00fczergah\u0131<\/td><\/tr><tr><td>Biebrich<\/td><td>Fl\u00fct \u00e7alar \u00e7e\u015fme<br>Ren Nehri k\u0131y\u0131s\u0131nda<\/td><td>14:15<\/td><td>6,2 km uzakl\u0131kta<\/td><\/tr><tr><td>Kategori: \u015eiir b\u00f6lgesi<\/td><td>Kald\u0131ra\u00e7 okulu<br>Hebbelplatz \/ Hebbelstra\u00dfe<\/td><td>14:30<\/td><td>2,8 km uzakl\u0131kta<\/td><\/tr><tr><td>Sanat\u00e7\u0131 \u00c7eyrekli\u011fi<\/td><td>Friedrich von Schiller Okulu (yeni bina)<br>Carla-Henius-Stra\u00dfe 3-5<\/td><td>14:20<\/td><td>3,5 km uzakl\u0131kta<\/td><\/tr><tr><td>Kuzeydo\u011fu<\/td><td>St. John's Mass School<br>Bisiklet stand\u0131 Johannes-Maa\u00df-Stra\u00dfe \/ gg\u00fc. Mezarl\u0131k duvar\u0131<\/td><td>14:30<\/td><td>1,4 km uzakl\u0131kta<\/td><\/tr><tr><td>Waldstra\u00dfe<\/td><td>Kategori: Diesterweg okulu<br>Riedstra\u00dfe'nin Baumstra\u00dfe k\u00f6\u015fesi<\/td><td>14:10<\/td><td>4,7 km uzakl\u0131kta<\/td><\/tr><\/tbody><\/table><figcaption class=\"wp-element-caption\">Durum ve durum: 07.07.2024 09:00<\/figcaption><\/figure>\n\n\n\n<h2 class=\"wp-block-heading\">Besleyici turlar\u0131 haritas\u0131<\/h2>\n\n\n\n<iframe loading=\"lazy\" src=\"https:\/\/www.google.com\/maps\/d\/embed?mid=1ojvvYFV0uWRTgaXDzoIocDh9_v64AtQ&#038;ehbc=2E312F\" width=\"640\" height=\"480\"><\/iframe>\n\n\n\n<p><\/p>\n\n\n<!-- wp:themify-builder\/canvas \/-->","protected":false},"excerpt":{"rendered":"<p>\u0130kinci Kidical Mass Wiesbaden 2024, 07.07. Pazar g\u00fcn\u00fc saat 15:00'te ger\u00e7ekle\u015fecek. * Dondurma salonu seviyesindeki Dern\u2019sches sahas\u0131nda tekrar ba\u015fl\u0131yoruz. * Bu sefer 5.9 km sonra \u2018playground'daki spa tesislerinde sona eriyoruz. Bu termal banyo Aukammtal y\u00fcksekli\u011finde yer almaktad\u0131r.<br \/>\nB\u00fcy\u00fck \u00e7ay\u0131r, oyun oynamak ve piknik yapmak i\u00e7in alan sunar. Buz kamyonu k\u00fcresel formda so\u011futma getiriyor.<\/p>","protected":false},"author":52,"featured_media":70276,"comment_status":"closed","ping_status":"closed","sticky":false,"template":"Nachrichten-Seite.php","format":"standard","meta":{"footnotes":""},"categories":[932],"tags":[516,927,772],"class_list":["post-1537","post","type-post","status-publish","format-standard","has-post-thumbnail","hentry","category-kidical-mass","tag-kidical-mass","tag-sommer","tag-wiesbaden","has-post-title","has-post-date","has-post-category","has-post-tag","has-post-comment","has-post-author",""],"builder_content":"","_links":{"self":[{"href":"https:\/\/www.adfc-wiesbaden.de\/tr\/wp-json\/wp\/v2\/posts\/1537","targetHints":{"allow":["GET"]}}],"collection":[{"href":"https:\/\/www.adfc-wiesbaden.de\/tr\/wp-json\/wp\/v2\/posts"}],"about":[{"href":"https:\/\/www.adfc-wiesbaden.de\/tr\/wp-json\/wp\/v2\/types\/post"}],"author":[{"embeddable":true,"href":"https:\/\/www.adfc-wiesbaden.de\/tr\/wp-json\/wp\/v2\/users\/52"}],"replies":[{"embeddable":true,"href":"https:\/\/www.adfc-wiesbaden.de\/tr\/wp-json\/wp\/v2\/comments?post=1537"}],"version-history":[{"count":5,"href":"https:\/\/www.adfc-wiesbaden.de\/tr\/wp-json\/wp\/v2\/posts\/1537\/revisions"}],"predecessor-version":[{"id":76316,"href":"https:\/\/www.adfc-wiesbaden.de\/tr\/wp-json\/wp\/v2\/posts\/1537\/revisions\/76316"}],"wp:featuredmedia":[{"embeddable":true,"href":"https:\/\/www.adfc-wiesbaden.de\/tr\/wp-json\/wp\/v2\/media\/70276"}],"wp:attachment":[{"href":"https:\/\/www.adfc-wiesbaden.de\/tr\/wp-json\/wp\/v2\/media?parent=1537"}],"wp:term":[{"taxonomy":"category","embeddable":true,"href":"https:\/\/www.adfc-wiesbaden.de\/tr\/wp-json\/wp\/v2\/categories?post=1537"},{"taxonomy":"post_tag","embeddable":true,"href":"https:\/\/www.adfc-wiesbaden.de\/tr\/wp-json\/wp\/v2\/tags?post=1537"}],"curies":[{"name":"wp","href":"https:\/\/api.w.org\/{rel}","templated":true}]}}