{"id":1541,"date":"2024-01-31T21:21:17","date_gmt":"2024-01-31T21:21:17","guid":{"rendered":"https:\/\/kidicalmass.adfc-wiesbaden.de\/?p=1541"},"modified":"2026-04-24T19:35:44","modified_gmt":"2026-04-24T17:35:44","slug":"22-september-2024","status":"publish","type":"post","link":"https:\/\/www.adfc-wiesbaden.de\/tr\/2024\/01\/kidical-mass\/22-september-2024\/","title":{"rendered":"Kidical Mass 22 Eyl\u00fcl 2024'te"},"content":{"rendered":"<h2 class=\"wp-block-heading\">13. Wiesbaden'de Kidical Mass<\/h2>\n\n\n\n<ul class=\"wp-block-list\">\n<li><a href=\"https:\/\/www.adfc-wiesbaden.de\/tr\/22-september-2024\/#Malaktion\">Boyama eylemi<\/a><\/li>\n\n\n\n<li><a href=\"https:\/\/www.adfc-wiesbaden.de\/tr\/22-september-2024\/#Schilder\">\u00c7izim i\u015faretleri<\/a><\/li>\n\n\n\n<li><a href=\"https:\/\/www.adfc-wiesbaden.de\/tr\/22-september-2024\/#Preise\">Pul i\u00e7in fiyatlar\u0131 toplay\u0131n<\/a><\/li>\n\n\n\n<li><a href=\"https:\/\/www.adfc-wiesbaden.de\/tr\/22-september-2024\/#Zubringertouren\">Besleyici turlar\u0131<\/a>\n<ul class=\"wp-block-list\">\n<li><a href=\"https:\/\/www.adfc-wiesbaden.de\/tr\/22-september-2024\/#Karte\">Harita besleyici<\/a><\/li>\n<\/ul>\n<\/li>\n<\/ul>\n\n\n\n<p>\u00dc\u00e7\u00fcnc\u00fc Kidical Mass Wiesbaden 2023, 22.09'da ger\u00e7ekle\u015fecek. <a href=\"https:\/\/kinderaufsrad.org\/\" target=\"_blank\" rel=\"noreferrer noopener\">Kidical Toplu Eylem G\u00fcnleri<\/a> Onun yerine. * Bu sefer ba\u015flang\u0131\u00e7 ve biti\u015f Dern\u2019sches arazisinde ayn\u0131d\u0131r. Belediye binas\u0131n\u0131n \u00e7evresinde ve \u00f6zellikle kale meydan\u0131nda, <a href=\"https:\/\/www.wiesbaden.de\/leben-in-wiesbaden\/gesellschaft\/kinder\/content\/weltkindertag.php\" data-type=\"link\" data-id=\"https:\/\/www.wiesbaden.de\/leben-in-wiesbaden\/gesellschaft\/kinder\/content\/weltkindertag.php\" target=\"_blank\" rel=\"noreferrer noopener\">D\u00fcnya \u00c7ocuk G\u00fcn\u00fc<\/a> 13:00 - 18:00 saatleri aras\u0131nda kutlan\u0131r. G\u00fczergah 5,8 km uzunlu\u011fundad\u0131r. <br>Her zaman oldu\u011fu gibi, polis ve sa\u011fl\u0131k g\u00f6revlileri bize e\u015flik ediyor. <\/p>\n\n\n\n<h2 class=\"wp-block-heading\" id=\"Malaktion\">Boyama eylemi<\/h2>\n\n\n\n<p>Bu iyi s\u0131k\u0131lm\u0131\u015f Schiersteiner Stra\u00dfe'nin asfalt\u0131n\u0131 tebe\u015firle g\u00fczelle\u015ftirece\u011fiz. B\u00f6ylece, Kidical Mass, takip eden g\u00fcnlerde bile \u00e7ok \u00e7e\u015fitli trafik kat\u0131l\u0131mc\u0131lar\u0131 taraf\u0131ndan g\u00f6r\u00fclebilir. Yarat\u0131c\u0131l\u0131\u011f\u0131n\u0131z\u0131n s\u0131n\u0131r\u0131 yoktur. Yerinde tebe\u015firimiz var. B\u00f6ylece daha uzun s\u00fcre ve en sevdi\u011finiz renkle boyayabilirsiniz, kendi tebe\u015firinizi getirmek en iyisidir.<\/p>\n\n\n\n<h2 class=\"wp-block-heading\" id=\"Schilder\">* afi\u015fler, i\u015faretler, \u2026<\/h2>\n\n\n\n<p>Yoldan ge\u00e7enlere her \u015feyin neyle ilgili oldu\u011funu g\u00f6stermek i\u00e7in i\u015faretler, afi\u015fler vb. yararl\u0131d\u0131r. Bunlar\u0131 \u00f6nceden yarat\u0131r, tekerleklere ba\u011flar ve b\u00f6ylece niyetlerimizi ta\u015f\u0131r. \u0130\u015faretler hakk\u0131nda hi\u00e7bir fikrin yok.&nbsp;<a href=\"https:\/\/kinderaufsrad.org\/wp-content\/uploads\/2022\/05\/Demoschilder_KidicalMass_Selbstausdrucken-1.pdf\" target=\"_blank\" rel=\"noreferrer noopener\">burada<\/a>&nbsp;Formlar\u0131 indirebilir ve yazd\u0131rabilirsiniz.<\/p>\n\n\n\n<h2 class=\"wp-block-heading\" id=\"Preise\">Pullar i\u00e7in fiyatlar\u0131 kullan<\/h2>\n\n\n\n<p>2024'te \u00fc\u00e7 kez Kidical Mass'a kat\u0131lan ve her seferinde bizim&nbsp;<a href=\"https:\/\/www.adfc-wiesbaden.de\/tr\/3-x-kidical-mass-1-ueberraschung\/\">Damga hareketi<\/a> Bir kez daha, k\u00fc\u00e7\u00fck bir s\u00fcrpriz bekliyor. Birinci ve ikinci Kidical Mass'tan damgal\u0131 el ilanlar\u0131n\u0131z\u0131 getirin, son damgay\u0131 al\u0131n ve el ilan\u0131n\u0131 s\u00fcrprizle de\u011fi\u015ftirin.<br>Son pul sar\u0131daki yolculuktan sonra.&nbsp;<a href=\"https:\/\/www.adfc-wiesbaden.de\/tr\/\" target=\"_blank\" rel=\"noreferrer noopener\">ADFC<\/a>\u00d6ndeki kutuyla tekerle\u011fi.<\/p>\n\n\n\n<h2 class=\"wp-block-heading\" id=\"Zubringertouren\">Besleyici turlar\u0131<\/h2>\n\n\n\n<p>Besleyici turlar, ailelerin il\u00e7edeki ilkokullar\u0131nda bulu\u015ftuklar\u0131 ve daha sonra ba\u015flang\u0131\u00e7 noktas\u0131na birlikte gittikleri kendi kendine organize gezilerdir. Besleyiciler kay\u0131tl\u0131 bir g\u00f6steri de\u011fildir ve etkinli\u011fin bir par\u00e7as\u0131 de\u011fildir. Bisiklet yollar\u0131 ve d\u00fc\u015f\u00fck trafikli yan yollarda s\u00fcr\u00fcl\u00fcr.<br>Odan\u0131zdan hen\u00fcz besleyici yok ve ilgileniyorsunuz, sonra bize yaz\u0131n,&nbsp;<a href=\"\/tr\/&\/#x6d;&#97;i&#x6c;&#116;o&#x3a;&#107;i&#x64;&#105;c&#x61;&#108;m&#x61;&#115;s&#x40;&#97;d&#x66;&#99;-&#x77;&#105;e&#x73;&#98;a&#x64;&#101;n&#x2e;&#100;e\">kidicalmass@adfc-wiesbaden.de<\/a>, bir. - Evet. Organizasyona yard\u0131m ediyoruz.<\/p>\n\n\n\n<p>Planl\u0131 besleyici turlar\u0131 (de\u011fi\u015fiklikler s\u00fcrekli g\u00fcncellenir):<\/p>\n\n\n\n<figure class=\"wp-block-table is-style-stripes\"><table><tbody><tr><td class=\"has-text-align-center\" data-align=\"center\">\u0130l\u00e7e \/ il\u00e7e<\/td><td class=\"has-text-align-center\" data-align=\"center\">Bulu\u015fma yeri<\/td><td>Saat (anlam ayr\u0131m\u0131)<\/td><td>uzunluk<\/td><\/tr><tr><td class=\"has-text-align-center\" data-align=\"center\">Biebrich<\/td><td class=\"has-text-align-center\" data-align=\"center\">Fl\u00fct \u00e7alar \u00e7e\u015fme<br>Ren Nehri k\u0131y\u0131s\u0131nda<\/td><td>14:15<\/td><td>6,2 km uzakl\u0131kta<\/td><\/tr><tr><td class=\"has-text-align-center\" data-align=\"center\">Kategori: \u015eiir b\u00f6lgesi<\/td><td class=\"has-text-align-center\" data-align=\"center\">Kald\u0131ra\u00e7 okulu<br>Hebbelplatz \/ Hebbelstra\u00dfe<\/td><td>14:30<\/td><td>2,8 km uzakl\u0131kta<\/td><\/tr><tr><td class=\"has-text-align-center\" data-align=\"center\">Kohlheck<\/td><td class=\"has-text-align-center\" data-align=\"center\">Cam kaplar<br>Paul-Gerhardt-Stra\u00dfe k\u00f6\u015fesinde Dolomit yol<\/td><td>14:15<\/td><td>5,1 km<\/td><\/tr><tr><td class=\"has-text-align-center\" data-align=\"center\">Sanat\u00e7\u0131 \u00c7eyrekli\u011fi<\/td><td class=\"has-text-align-center\" data-align=\"center\">Friedrich von Schiller Okulu (yeni bina)<br>Carla-Henius-Stra\u00dfe 3-5<\/td><td>14:20<\/td><td>3,5 km uzakl\u0131kta<\/td><\/tr><tr><td class=\"has-text-align-center\" data-align=\"center\">Kuzeydo\u011fu<\/td><td class=\"has-text-align-center\" data-align=\"center\">St. John's Mass School<br>Bisiklet stand\u0131 Johannes-Maa\u00df-Stra\u00dfe \/ gg\u00fc. Mezarl\u0131k duvar\u0131<\/td><td>14:30<\/td><td>1,1 km uzakl\u0131kta<\/td><\/tr><tr><td class=\"has-text-align-center\" data-align=\"center\">Westend<\/td><td class=\"has-text-align-center\" data-align=\"center\">Bl\u00fccher okulu<br>Bl\u00fccherstra\u00dfe'nin Scharnhorststra\u00dfe k\u00f6\u015fesi<\/td><td>14:30<br><\/td><td>2,2 km<\/td><\/tr><\/tbody><\/table><figcaption class=\"wp-element-caption\">Durum ve durum: 11.09.2024 23:00<\/figcaption><\/figure>\n\n\n\n<h3 class=\"wp-block-heading\" id=\"Karte\">Besleyici turlar\u0131 haritas\u0131<\/h3>\n\n\n\n<iframe loading=\"lazy\" src=\"https:\/\/www.google.com\/maps\/d\/embed?mid=1-0FkY4g8RSGvkHj5LUpACrlCn5V0D5o&#038;ehbc=2E312F\" width=\"640\" height=\"480\"><\/iframe>\n\n\n<!-- wp:themify-builder\/canvas \/-->","protected":false},"excerpt":{"rendered":"<p>\u00dc\u00e7\u00fcnc\u00fc Kidical Mass Wiesbaden 2023, d\u00fcnya \u00e7ap\u0131ndaki Kidical Mass eylem g\u00fcnlerinin bir par\u00e7as\u0131 olarak 22.09. saat 15:00'te ger\u00e7ekle\u015fecek. * Bu sefer ba\u015flang\u0131\u00e7 ve biti\u015f Dern\u2019sches arazisinde ayn\u0131d\u0131r. Belediye binas\u0131 \u00e7evresinde ve \u00f6zellikle Schlossplatz'da, D\u00fcnya \u00c7ocuk G\u00fcn\u00fc 13:00 - 18:00 saatleri aras\u0131nda kutlan\u0131r. G\u00fczergah 5,8 km uzunlu\u011fundad\u0131r.<br \/>\nHer zaman oldu\u011fu gibi, polis ve sa\u011fl\u0131k g\u00f6revlileri bize e\u015flik ediyor.<\/p>","protected":false},"author":52,"featured_media":70293,"comment_status":"closed","ping_status":"closed","sticky":false,"template":"Nachrichten-Seite.php","format":"standard","meta":{"footnotes":""},"categories":[932],"tags":[928,516,772],"class_list":["post-1541","post","type-post","status-publish","format-standard","has-post-thumbnail","hentry","category-kidical-mass","tag-herbst","tag-kidical-mass","tag-wiesbaden","has-post-title","has-post-date","has-post-category","has-post-tag","has-post-comment","has-post-author",""],"builder_content":"","_links":{"self":[{"href":"https:\/\/www.adfc-wiesbaden.de\/tr\/wp-json\/wp\/v2\/posts\/1541","targetHints":{"allow":["GET"]}}],"collection":[{"href":"https:\/\/www.adfc-wiesbaden.de\/tr\/wp-json\/wp\/v2\/posts"}],"about":[{"href":"https:\/\/www.adfc-wiesbaden.de\/tr\/wp-json\/wp\/v2\/types\/post"}],"author":[{"embeddable":true,"href":"https:\/\/www.adfc-wiesbaden.de\/tr\/wp-json\/wp\/v2\/users\/52"}],"replies":[{"embeddable":true,"href":"https:\/\/www.adfc-wiesbaden.de\/tr\/wp-json\/wp\/v2\/comments?post=1541"}],"version-history":[{"count":7,"href":"https:\/\/www.adfc-wiesbaden.de\/tr\/wp-json\/wp\/v2\/posts\/1541\/revisions"}],"predecessor-version":[{"id":76320,"href":"https:\/\/www.adfc-wiesbaden.de\/tr\/wp-json\/wp\/v2\/posts\/1541\/revisions\/76320"}],"wp:featuredmedia":[{"embeddable":true,"href":"https:\/\/www.adfc-wiesbaden.de\/tr\/wp-json\/wp\/v2\/media\/70293"}],"wp:attachment":[{"href":"https:\/\/www.adfc-wiesbaden.de\/tr\/wp-json\/wp\/v2\/media?parent=1541"}],"wp:term":[{"taxonomy":"category","embeddable":true,"href":"https:\/\/www.adfc-wiesbaden.de\/tr\/wp-json\/wp\/v2\/categories?post=1541"},{"taxonomy":"post_tag","embeddable":true,"href":"https:\/\/www.adfc-wiesbaden.de\/tr\/wp-json\/wp\/v2\/tags?post=1541"}],"curies":[{"name":"wp","href":"https:\/\/api.w.org\/{rel}","templated":true}]}}