{"id":1594,"date":"2024-07-10T08:40:40","date_gmt":"2024-07-10T08:40:40","guid":{"rendered":"https:\/\/kidicalmass.adfc-wiesbaden.de\/?p=1594"},"modified":"2026-04-24T19:34:57","modified_gmt":"2026-04-24T17:34:57","slug":"bei-der-kidical-mass-gehoert-die-strasse-den-kindern","status":"publish","type":"post","link":"https:\/\/www.adfc-wiesbaden.de\/tr\/2024\/07\/politik-verkehr\/bei-der-kidical-mass-gehoert-die-strasse-den-kindern\/","title":{"rendered":"\u00c7ocuk Ayini'nde sokak \u00e7ocuklara ait."},"content":{"rendered":"<!--themify_builder_content-->\n<div id=\"themify_builder_content-1594\" data-postid=\"1594\" class=\"themify_builder_content themify_builder_content-1594 themify_builder tf_clear\">\n                    <div  data-lazy=\"1\" class=\"module_row themify_builder_row tb_xb6h122 tb_first tf_w\">\n                        <div class=\"row_inner col_align_top tb_col_count_1 tf_box tf_rel\">\n                        <div  data-lazy=\"1\" class=\"module_column tb-column col-full tb_5n3x123 first\">\n                    <!-- module image -->\n<div  class=\"module module-image tb_9cvf446 image-top   tf_mw tb_gs2677162d\" data-lazy=\"1\">\n        <div class=\"image-wrap tf_rel tf_mw\">\n            <img loading=\"lazy\" decoding=\"async\" width=\"2560\" height=\"1707\" src=\"https:\/\/www.adfc-wiesbaden.de\/wp-content\/uploads\/2025\/02\/KidicalMass2021-scaled.jpg\" class=\"wp-post-image wp-image-70289\" title=\"Kategori: \u00c7ocuk kitlesi\" alt=\"Kategori: \u00c7ocuk kitlesi\" srcset=\"https:\/\/www.adfc-wiesbaden.de\/wp-content\/uploads\/2025\/02\/KidicalMass2021-scaled.jpg 2560w, https:\/\/www.adfc-wiesbaden.de\/wp-content\/uploads\/2025\/02\/KidicalMass2021-700x467.jpg 700w, https:\/\/www.adfc-wiesbaden.de\/wp-content\/uploads\/2025\/02\/KidicalMass2021-1400x933.jpg 1400w, https:\/\/www.adfc-wiesbaden.de\/wp-content\/uploads\/2025\/02\/KidicalMass2021-200x133.jpg 200w, https:\/\/www.adfc-wiesbaden.de\/wp-content\/uploads\/2025\/02\/KidicalMass2021-768x512.jpg 768w, https:\/\/www.adfc-wiesbaden.de\/wp-content\/uploads\/2025\/02\/KidicalMass2021-1536x1024.jpg 1536w, https:\/\/www.adfc-wiesbaden.de\/wp-content\/uploads\/2025\/02\/KidicalMass2021-2048x1366.jpg 2048w\" sizes=\"auto, (max-width: 2560px) 100vw, 2560px\" \/>    \n        <\/div>\n    <!-- \/image-wrap -->\n    \n        <div class=\"image-content\">\n                    <h3 class=\"image-title\">\n                                    Kategori: \u00c7ocuk kitlesi                            <\/h3>\n                    <\/div>\n    <!-- \/image-content -->\n        <\/div>\n<!-- \/module image --><!-- module text -->\n<div  class=\"module module-text tb_ddld202    tb_gs678604\" data-lazy=\"1\">\n        <div  class=\"tb_text_wrap\">\n        <h1>\u00c7ocuk Ayini'nde sokak \u00e7ocuklara ait.<\/h1><p><span style=\"color: #000000;\"><span style=\"font-family: Helvetica, serif;\">Kidical Mass Wiesbaden'de sokak \u00e7ocuklara ait. Olmas\u0131 gerekti\u011fi gibi ve e\u011flenceli oldu\u011fu gibi, araba trafi\u011finden ve b\u00fcy\u00fck \u00f6l\u00e7\u00fcde yanmal\u0131 motorlar\u0131n g\u00fcr\u00fclt\u00fcs\u00fcnden korkmadan bisiklet s\u00fcrmek. Kidical Mass'ta \u00f6zel bir vurgu: K\u0131rm\u0131z\u0131yla bile s\u00fcrebilirsin!<\/span><\/span><\/p><p><span style=\"color: #000000;\"><span style=\"font-family: Helvetica, serif;\">Y\u0131lda \u00fc\u00e7 kez organize oluyor. <a href=\"https:\/\/www.adfc-wiesbaden.de\/tr\/\">ADFC<\/a> Wiesbaden'deki Kidical Mass ve k\u00fc\u00e7\u00fck ya da b\u00fcy\u00fck olsun, birlikte s\u00fcren herkes rahat bisiklet s\u00fcrmenin tad\u0131n\u0131 \u00e7\u0131kar\u0131r. Ay\u0131n 7'sinde pazar g\u00fcn\u00fc. <!-- Hier ein umbruchgesch\u00fctztes Leerzeichen (&nbsp;) -->Temmuz y\u0131l\u0131n ikinci Kidical Mass d\u00fczenlenen <!-- Hier ein umbruchgesch\u00fctztes Leerzeichen -->2024'te \u00e7ekilmi\u015f. Polis pisti g\u00fcvence alt\u0131na ald\u0131, yollar ve kav\u015faklar arabas\u0131zd\u0131 ve en g\u00fczel havalarda \u015fehir merkezinde g\u00fcvenli ve rahat bir \u015fekilde bisiklet s\u00fcrebildik. * Dern\u2019s b\u00f6lgesinden Rheinstra\u00dfe ve Wilhelmstra\u00dfe \u00fczerinden yava\u015f bir h\u0131zda yakla\u015f\u0131k alt\u0131 kilometre <\/span><\/span><span style=\"color: #000000;\"><span style=\"font-family: Helvetica, serif;\">Spa park\u0131<\/span><\/span><span style=\"color: #000000;\"><span style=\"font-family: Helvetica, serif;\">, Oyalanmaya, sohbet etmeye ve oynamaya davet eden. Bir dondurma kamyonu serinletici bir i\u00e7ecek sa\u011flad\u0131. Korso bir kez daha harika bir \u015fekilde farkl\u0131yd\u0131: Ya\u015fl\u0131 ve gen\u00e7 biniciler, tekerlekler, \u00e7ok say\u0131da renkli \u00e7ocuk bisikleti, kargo bisikletleri, ya\u015fam tarz\u0131 bisikletleri ve hatta bir tek tekerlekli bisiklet yoldayd\u0131. Korso'nun her yerinden, \u015fehirde bisiklet s\u00fcrmenin her zaman \u00e7ok kayg\u0131s\u0131z olmas\u0131 durumunda ne kadar davetkar olaca\u011f\u0131na dair konu\u015fmalar\u0131 duyabiliyordunuz. E\u011fer korunan bir bisiklet yolu a\u011f\u0131 olsayd\u0131, yollar o kadar g\u00fcr\u00fclt\u00fcl\u00fc olmasayd\u0131. Kidical Mass'a kat\u0131lanlar\u0131n say\u0131s\u0131 bunu tekrar tekrar g\u00f6steriyor: \u0130nsanlar daha fazla bisiklet istiyor. Ve \u00f6zellikle \u00e7ocuklar, \u015fehirde ba\u011f\u0131ms\u0131z hareketlili\u011fi g\u00fcvenli ve s\u0131n\u0131rs\u0131z bir \u015fekilde deneyimlemeyi hak ediyorlar. <\/span><\/span><\/p><p><span style=\"color: #000000;\"><span style=\"font-family: Helvetica, serif;\">ADFC, iyi ve g\u00fcvenli d\u00f6ng\u00fc yollar\u0131 i\u00e7in tutarl\u0131 bir \u015fekilde \u00e7al\u0131\u015fmaya devam eder. Deste\u011fini g\u00f6ster, devam et. Sonraki \u0130\u00e7erikKidical Mass <a href=\"https:\/\/www.adfc-wiesbaden.de\/tr\/22-september-2024\/\">22. <!-- Hier ein umbruchgesch\u00fctztes Leerzeichen -->Eyl\u00fcl'de<!-- Wenn es die Webseite zur Kidical Mass am 22.9. schon gibt und sie mit Inhalten gef\u00fcllt ist, kann man die hier verlinken.  --><\/a>.<\/span><\/span><\/p>    <\/div>\n<\/div>\n<!-- \/module text -->        <\/div>\n                        <\/div>\n        <\/div>\n        <\/div>\n<!--\/themify_builder_content-->\n\n\n<p><\/p>","protected":false},"excerpt":{"rendered":"","protected":false},"author":65,"featured_media":1598,"comment_status":"closed","ping_status":"closed","sticky":false,"template":"Nachrichten-Seite.php","format":"standard","meta":{"footnotes":""},"categories":[932,123],"tags":[516,927,772],"class_list":["post-1594","post","type-post","status-publish","format-standard","has-post-thumbnail","hentry","category-kidical-mass","category-politik-verkehr","tag-kidical-mass","tag-sommer","tag-wiesbaden","has-post-title","has-post-date","has-post-category","has-post-tag","has-post-comment","has-post-author",""],"builder_content":"<img src=\"https:\/\/www.adfc-wiesbaden.de\/wp-content\/uploads\/2025\/02\/KidicalMass2021-scaled.jpg\" title=\"Kidical Mass\" alt=\"Kidical Mass\" srcset=\"https:\/\/www.adfc-wiesbaden.de\/wp-content\/uploads\/2025\/02\/KidicalMass2021-scaled.jpg 2560w, https:\/\/www.adfc-wiesbaden.de\/wp-content\/uploads\/2025\/02\/KidicalMass2021-700x467.jpg 700w, https:\/\/www.adfc-wiesbaden.de\/wp-content\/uploads\/2025\/02\/KidicalMass2021-1400x933.jpg 1400w, https:\/\/www.adfc-wiesbaden.de\/wp-content\/uploads\/2025\/02\/KidicalMass2021-200x133.jpg 200w, https:\/\/www.adfc-wiesbaden.de\/wp-content\/uploads\/2025\/02\/KidicalMass2021-768x512.jpg 768w, https:\/\/www.adfc-wiesbaden.de\/wp-content\/uploads\/2025\/02\/KidicalMass2021-1536x1024.jpg 1536w, https:\/\/www.adfc-wiesbaden.de\/wp-content\/uploads\/2025\/02\/KidicalMass2021-2048x1366.jpg 2048w\" sizes=\"(max-width: 2560px) 100vw, 2560px\" \/> <h3> Kidical Mass <\/h3>\n<h1>Bei der Kidical Mass geh\u00f6rt die Stra\u00dfe den Kindern<\/h1><p>Bei der Kidical Mass Wiesbaden geh\u00f6rt die Stra\u00dfe den Kindern. Radfahren, wie es sein soll und wie es Spa\u00df macht, ohne Gef\u00e4hrdung durch den Autoverkehr und weitgehend ohne den L\u00e4rm der Verbrennermotoren. Ein besonderes Highlight bei der Kidical Mass: Man darf sogar bei Rot fahren!<\/p><p>Dreimal im Jahr organisiert der <a href=\"http:\/\/adfc-wiesbaden.de\">ADFC<\/a> die Kidical Mass in Wiesbaden, und alle, die mitradeln, ob klein, ob gro\u00df, genie\u00dfen das entspannte Radfahren. Am Sonntag den 7. Juli fand die zweite Kidical Mass des Jahres 2024 statt. Die Polizei sicherte die Strecke ab, die Fahrbahnen und Kreuzungen waren autofrei und wir konnten bei feinstem Wetter sicher und entspannt durch die Innenstadt radeln. Vom Dern\u2019schen Gel\u00e4nde etwa sechs Kilometer in sachtem Tempo \u00fcber die Rhein- und Wilhelmstra\u00dfe zum Kurpark, der zum Verweilen, Plaudern und Spielen einlud. Ein Eiswagen sorgte f\u00fcr Erfrischung. Der Korso war wieder einmal wunderbar vielf\u00e4ltig: Alte und junge Fahrerinnen und Fahrer, Laufr\u00e4der, jede Menge farbenfrohe Kinderfahrr\u00e4der, Lastenr\u00e4der, Lifestyler\u00e4der und sogar ein Einrad waren unterwegs. Von \u00fcberall aus dem Korso h\u00f6rte man w\u00e4hrend der Fahrt Gespr\u00e4che dar\u00fcber, wie einladend es w\u00e4re, wenn Radfahren in der Stadt immer so unbeschwert m\u00f6glich w\u00e4re. Wenn es ein gesch\u00fctztes Radwegenetz g\u00e4be, wenn die Stra\u00dfen nicht so laut w\u00e4ren. Die Teilnehmerzahlen bei der Kidical Mass zeigen es immer wieder: Die Menschen wollen mehr Radfahren. Und gerade die Kinder haben es verdient, sicher und unbedr\u00e4ngt eigenst\u00e4ndige Mobilit\u00e4t in der Stadt erleben zu d\u00fcrfen. <\/p><p>Der ADFC setzt sich weiter und konsequent f\u00fcr gute und sichere Radwege ein. Zeigt eure Unterst\u00fctzung, radelt mit. Die n\u00e4chste Kidical Mass ist am <a href=\"https:\/\/www.adfc-wiesbaden.de\/22-september-2024\/\">22. September<\/a>.<\/p>","_links":{"self":[{"href":"https:\/\/www.adfc-wiesbaden.de\/tr\/wp-json\/wp\/v2\/posts\/1594","targetHints":{"allow":["GET"]}}],"collection":[{"href":"https:\/\/www.adfc-wiesbaden.de\/tr\/wp-json\/wp\/v2\/posts"}],"about":[{"href":"https:\/\/www.adfc-wiesbaden.de\/tr\/wp-json\/wp\/v2\/types\/post"}],"author":[{"embeddable":true,"href":"https:\/\/www.adfc-wiesbaden.de\/tr\/wp-json\/wp\/v2\/users\/65"}],"replies":[{"embeddable":true,"href":"https:\/\/www.adfc-wiesbaden.de\/tr\/wp-json\/wp\/v2\/comments?post=1594"}],"version-history":[{"count":12,"href":"https:\/\/www.adfc-wiesbaden.de\/tr\/wp-json\/wp\/v2\/posts\/1594\/revisions"}],"predecessor-version":[{"id":76318,"href":"https:\/\/www.adfc-wiesbaden.de\/tr\/wp-json\/wp\/v2\/posts\/1594\/revisions\/76318"}],"wp:featuredmedia":[{"embeddable":true,"href":"https:\/\/www.adfc-wiesbaden.de\/tr\/wp-json\/wp\/v2\/media\/1598"}],"wp:attachment":[{"href":"https:\/\/www.adfc-wiesbaden.de\/tr\/wp-json\/wp\/v2\/media?parent=1594"}],"wp:term":[{"taxonomy":"category","embeddable":true,"href":"https:\/\/www.adfc-wiesbaden.de\/tr\/wp-json\/wp\/v2\/categories?post=1594"},{"taxonomy":"post_tag","embeddable":true,"href":"https:\/\/www.adfc-wiesbaden.de\/tr\/wp-json\/wp\/v2\/tags?post=1594"}],"curies":[{"name":"wp","href":"https:\/\/api.w.org\/{rel}","templated":true}]}}