{"id":1654,"date":"2025-09-21T21:58:56","date_gmt":"2025-09-21T19:58:56","guid":{"rendered":"https:\/\/kidicalmass.adfc-wiesbaden.de\/?p=1654"},"modified":"2026-04-17T19:43:31","modified_gmt":"2026-04-17T17:43:31","slug":"2025-09-21","status":"publish","type":"post","link":"https:\/\/www.adfc-wiesbaden.de\/tr\/2025\/09\/kidical-mass\/2025-09-21\/","title":{"rendered":"16. Kidical Mass Wiesbaden - Eyl\u00fcl 2025"},"content":{"rendered":"<p><\/p>\n\n<!--themify_builder_content-->\n<div id=\"themify_builder_content-1654\" data-postid=\"1654\" class=\"themify_builder_content themify_builder_content-1654 themify_builder tf_clear\">\n                    <div  data-lazy=\"1\" class=\"module_row themify_builder_row tb_0h7j880 tb_first tf_w\">\n                        <div class=\"row_inner col_align_top tb_col_count_1 tf_box tf_rel\">\n                        <div  data-lazy=\"1\" class=\"module_column tb-column col-full tb_drbz881 first\">\n                    <!-- module image -->\n<div  class=\"module module-image tb_2t7n655 image-top   tf_mw tb_gs2677162d\" data-lazy=\"1\">\n        <div class=\"image-wrap tf_rel tf_mw\">\n            <img loading=\"lazy\" decoding=\"async\" width=\"2048\" height=\"1366\" src=\"https:\/\/www.adfc-wiesbaden.de\/wp-content\/uploads\/2024\/10\/KM-Wiesbaden-2409-Schiersteiner-Strasse.jpeg\" class=\"wp-post-image wp-image-1633\" title=\"\u00c7ocuk Kitlesi - \u00a9 ADFC Wiesbaden\" alt=\"\u00c7ocuk Kitlesi - \u00a9 ADFC Wiesbaden\" srcset=\"https:\/\/www.adfc-wiesbaden.de\/wp-content\/uploads\/2024\/10\/KM-Wiesbaden-2409-Schiersteiner-Strasse.jpeg 2048w, https:\/\/www.adfc-wiesbaden.de\/wp-content\/uploads\/2024\/10\/KM-Wiesbaden-2409-Schiersteiner-Strasse-700x467.jpeg 700w, https:\/\/www.adfc-wiesbaden.de\/wp-content\/uploads\/2024\/10\/KM-Wiesbaden-2409-Schiersteiner-Strasse-1400x934.jpeg 1400w, https:\/\/www.adfc-wiesbaden.de\/wp-content\/uploads\/2024\/10\/KM-Wiesbaden-2409-Schiersteiner-Strasse-200x133.jpeg 200w, https:\/\/www.adfc-wiesbaden.de\/wp-content\/uploads\/2024\/10\/KM-Wiesbaden-2409-Schiersteiner-Strasse-768x512.jpeg 768w, https:\/\/www.adfc-wiesbaden.de\/wp-content\/uploads\/2024\/10\/KM-Wiesbaden-2409-Schiersteiner-Strasse-1536x1025.jpeg 1536w\" sizes=\"auto, (max-width: 2048px) 100vw, 2048px\" \/>    \n        <\/div>\n    <!-- \/image-wrap -->\n    \n        <div class=\"image-content\">\n                    <h3 class=\"image-title\">\n                                    \u00c7ocuk Kitlesi - \u00a9 ADFC Wiesbaden                            <\/h3>\n                    <\/div>\n    <!-- \/image-content -->\n        <\/div>\n<!-- \/module image --><!-- module text -->\n<div  class=\"module module-text tb_8dv0838    tb_gs678604\" data-lazy=\"1\">\n        <div  class=\"tb_text_wrap\">\n        <h1>16. Kidical Mass Wiesbaden - Eyl\u00fcl 2025<\/h1>\n<p>\u00dc\u00e7\u00fcnc\u00fc Kidical Mass Wiesbaden 2025, 21 Eyl\u00fcl'de saat 15: 00'de d\u00fcnya \u00e7ap\u0131nda ger\u00e7ekle\u015fecek.\u00a0<a href=\"https:\/\/kinderaufsrad.org\/\" target=\"_blank\" rel=\"noreferrer noopener\">Kidical Toplu Eylem G\u00fcnleri<\/a>\u00a0Onun yerine. * Dern\u2019sches sitesinde yeniden ba\u015flar. Belediye binas\u0131n\u0131n \u00e7evresinde ve \u00f6zellikle kale meydan\u0131nda,\u00a0<a href=\"https:\/\/www.wiesbaden.de\/leben-in-wiesbaden\/gesellschaft-soziales\/kinder\/kinderrechte\/weltkindertag\" target=\"_blank\" rel=\"noreferrer noopener\">D\u00fcnya \u00c7ocuk G\u00fcn\u00fc<\/a>\u00a013:00 - 18:00 saatleri aras\u0131nda kutlan\u0131r. Bu sefer, dondurma kamyonunun bize tekrar buz sa\u011flayaca\u011f\u0131 Nerotal'daki ye\u015fil alanda sona eriyoruz. Her zaman oldu\u011fu gibi, polis ve sa\u011fl\u0131k g\u00f6revlileri bize e\u015flik ediyor.<\/p>\n<h2>Boyama eylemi<\/h2>\n<p>Landeshaus'un \u00f6n\u00fcndeki gri asfalt\u0131 tebe\u015firle g\u00fczelle\u015ftirece\u011fiz. B\u00f6ylece, Kidical Mass, takip eden g\u00fcnlerde bile \u00e7ok \u00e7e\u015fitli trafik kat\u0131l\u0131mc\u0131lar\u0131 taraf\u0131ndan g\u00f6r\u00fclebilir. Yak\u0131n \u00e7evrede 1'deydi. Kesilen pop\u00fcler \u00e7evre izini \u00e7al\u0131n. Yarat\u0131c\u0131l\u0131\u011f\u0131n\u0131z\u0131n s\u0131n\u0131r\u0131 yoktur. Yerinde tebe\u015firimiz var. B\u00f6ylece daha uzun s\u00fcre ve en sevdi\u011finiz renkle boyayabilirsiniz, kendi tebe\u015firinizi getirmek en iyisidir.<\/p>\n<h2>Pullar i\u00e7in fiyatlar\u0131 kullan<\/h2>\n<p>2025'te Kidical Mass'a \u00fc\u00e7 kez kat\u0131lan ve her seferinde\u00a0<a href=\"https:\/\/www.adfc-wiesbaden.de\/tr\/3-x-kidical-mass-1-ueberraschung\/\">Damga hareketi<\/a>\u00a0Bir kez daha, k\u00fc\u00e7\u00fck bir s\u00fcrpriz bekliyor. Birinci ve ikinci Kidical Mass'tan damgal\u0131 el ilanlar\u0131n\u0131z\u0131 getirin, son damgay\u0131 al\u0131n ve el ilan\u0131n\u0131 s\u00fcrprizle de\u011fi\u015ftirin.<br \/>Son pul sar\u0131daki yolculuktan sonra.\u00a0<a href=\"https:\/\/www.adfc-wiesbaden.de\/tr\/\" target=\"_blank\" rel=\"noreferrer noopener\">ADFC<\/a>\u00d6ndeki kutuyla tekerle\u011fi.<\/p>\n<h2>Besleyici turlar\u0131<\/h2>\n<h3>Planl\u0131 besleyici turlar\u0131 (de\u011fi\u015fiklikler s\u00fcrekli g\u00fcncellenir):<\/h3>\n<figure class=\"wp-block-table is-style-stripes\">\n<table class=\"has-fixed-layout\">\n<tbody>\n<tr>\n<td>\u0130l\u00e7e \/ il\u00e7e<\/td>\n<td>Bulu\u015fma yeri<\/td>\n<td>Saat (anlam ayr\u0131m\u0131)<\/td>\n<td>Kategori: Mesafeler<\/td>\n<\/tr>\n<tr>\n<td>Kuzeydo\u011fu<\/td>\n<td><strong>St. John's Mass School<\/strong><br \/>Bisiklet stand\u0131 Johannes-Maa\u00df-Stra\u00dfe \/ gg\u00fc. Mezarl\u0131k duvar\u0131<\/td>\n<td>14:30<\/td>\n<td>1,5 km uzakl\u0131kta<\/td>\n<\/tr>\n<\/tbody>\n<\/table>\n<\/figure>\n<p>Besleyici turlar, ailelerin il\u00e7edeki ilkokullar\u0131nda bulu\u015ftuklar\u0131 ve daha sonra ba\u015flang\u0131\u00e7 noktas\u0131na birlikte gittikleri kendi kendine organize gezilerdir. Besleyiciler kay\u0131tl\u0131 bir g\u00f6steri de\u011fildir ve etkinli\u011fin bir par\u00e7as\u0131 de\u011fildir. Bisiklet yollar\u0131 ve d\u00fc\u015f\u00fck trafikli yan yollarda s\u00fcr\u00fcl\u00fcr.<br \/>Odan\u0131zdan hen\u00fcz besleyici yok ve ilgileniyorsunuz, sonra bize yaz\u0131n,\u00a0<a href=\"\/tr\/&\/#109;a&#x69;l&#x74;&#111;&#x3a;&#107;&#x69;&#100;i&#x63;a&#x6c;&#109;&#x61;&#115;&#x73;&#64;&#x61;&#100;f&#x63;-&#x77;&#105;&#x65;&#115;&#x62;&#97;d&#x65;n&#x2e;&#100;&#x65;\">kidicalmass@adfc-wiesbaden.de<\/a>, bir. - Evet. Organizasyona yard\u0131m ediyoruz.<\/p>    <\/div>\n<\/div>\n<!-- \/module text --><!-- module image -->\n<div  class=\"module module-image tb_pyx5916 image-top   tf_mw\" data-lazy=\"1\">\n        <div class=\"image-wrap tf_rel tf_mw\">\n            <img loading=\"lazy\" decoding=\"async\" width=\"735\" height=\"1022\" src=\"https:\/\/www.adfc-wiesbaden.de\/wp-content\/uploads\/2025\/01\/2025-09-21_kmwbn_Route_sharepic.jpg\" class=\"wp-post-image wp-image-1802\" title=\"Kidical Mass Wiesbaden Route 21.09.2025\" alt=\"16. Cadde&#039;nin rotas\u0131 Wiesbaden&#039;de Kidical Mass\" srcset=\"https:\/\/www.adfc-wiesbaden.de\/wp-content\/uploads\/2025\/01\/2025-09-21_kmwbn_Route_sharepic.jpg 735w, https:\/\/www.adfc-wiesbaden.de\/wp-content\/uploads\/2025\/01\/2025-09-21_kmwbn_Route_sharepic-700x973.jpg 700w, https:\/\/www.adfc-wiesbaden.de\/wp-content\/uploads\/2025\/01\/2025-09-21_kmwbn_Route_sharepic-200x278.jpg 200w\" sizes=\"auto, (max-width: 735px) 100vw, 735px\" \/>    \n        <\/div>\n    <!-- \/image-wrap -->\n    \n        <\/div>\n<!-- \/module image --><!-- module plain text -->\n<div  class=\"module module-plain-text tb_u24z839\" data-lazy=\"1\">\n        <div class=\"tb_text_wrap\">\n    <h3>\n\tBesleyici turlar\u0131 haritas\u0131\n<\/h3>\n<iframe loading=\"lazy\" src=\"https:\/\/www.google.com\/maps\/d\/u\/0\/embed?mid=11jAiJcc-X0-dSVvxeJ1K4xzLMTOiGTg&#038;ehbc=2E312F&#038;noprof=1\" width=\"640\" height=\"480\"><\/iframe>    <\/div>\n<\/div>\n<!-- \/module plain text -->        <\/div>\n                        <\/div>\n        <\/div>\n        <\/div>\n<!--\/themify_builder_content-->","protected":false},"excerpt":{"rendered":"<p>\u00dc\u00e7\u00fcnc\u00fc Kidical Mass Wiesbaden 2025, d\u00fcnya \u00e7ap\u0131ndaki Kidical Mass eylem g\u00fcnlerinin bir par\u00e7as\u0131 olarak 21 Eyl\u00fcl'de saat 15: 00'de ger\u00e7ekle\u015fecek. * Dern\u2019sches sitesinde yeniden ba\u015flar. Belediye binas\u0131 \u00e7evresinde ve \u00f6zellikle Schlossplatz'da, D\u00fcnya \u00c7ocuk G\u00fcn\u00fc 13:00 - 18:00 saatleri aras\u0131nda kutlan\u0131r. Bu sefer, dondurma kamyonunun bize tekrar buz sa\u011flayaca\u011f\u0131 Nerotal'daki ye\u015fil alanda sona eriyoruz. Her zaman oldu\u011fu gibi, polis ve sa\u011fl\u0131k g\u00f6revlileri bize e\u015flik ediyor.<\/p>","protected":false},"author":52,"featured_media":76050,"comment_status":"closed","ping_status":"closed","sticky":false,"template":"Nachrichten-Seite.php","format":"standard","meta":{"footnotes":""},"categories":[932],"tags":[928,516,772],"class_list":["post-1654","post","type-post","status-publish","format-standard","has-post-thumbnail","hentry","category-kidical-mass","tag-herbst","tag-kidical-mass","tag-wiesbaden","has-post-title","has-post-date","has-post-category","has-post-tag","has-post-comment","has-post-author",""],"builder_content":"<img src=\"https:\/\/www.adfc-wiesbaden.de\/wp-content\/uploads\/2024\/10\/KM-Wiesbaden-2409-Schiersteiner-Strasse.jpeg\" title=\"Kidical Mass - &copy; ADFC Wiesbaden\" alt=\"Kidical Mass - &copy; ADFC Wiesbaden\" srcset=\"https:\/\/www.adfc-wiesbaden.de\/wp-content\/uploads\/2024\/10\/KM-Wiesbaden-2409-Schiersteiner-Strasse.jpeg 2048w, https:\/\/www.adfc-wiesbaden.de\/wp-content\/uploads\/2024\/10\/KM-Wiesbaden-2409-Schiersteiner-Strasse-700x467.jpeg 700w, https:\/\/www.adfc-wiesbaden.de\/wp-content\/uploads\/2024\/10\/KM-Wiesbaden-2409-Schiersteiner-Strasse-1400x934.jpeg 1400w, https:\/\/www.adfc-wiesbaden.de\/wp-content\/uploads\/2024\/10\/KM-Wiesbaden-2409-Schiersteiner-Strasse-200x133.jpeg 200w, https:\/\/www.adfc-wiesbaden.de\/wp-content\/uploads\/2024\/10\/KM-Wiesbaden-2409-Schiersteiner-Strasse-768x512.jpeg 768w, https:\/\/www.adfc-wiesbaden.de\/wp-content\/uploads\/2024\/10\/KM-Wiesbaden-2409-Schiersteiner-Strasse-1536x1025.jpeg 1536w\" sizes=\"(max-width: 2048px) 100vw, 2048px\" \/> <h3> Kidical Mass - &copy; ADFC Wiesbaden <\/h3>\n<h1>16. Kidical Mass Wiesbaden - September 2025<\/h1> <p>Die dritte Kidical Mass Wiesbaden 2025 findet am 21.09. um 15:00 Uhr im Rahmen der weltweiten\u00a0<a href=\"https:\/\/kinderaufsrad.org\/\" target=\"_blank\" rel=\"noreferrer noopener\">Kidical-Mass-Aktionstagen<\/a>\u00a0statt. Gestartet wird wieder auf dem Dern\u2019sches Gel\u00e4nde. Rund um das Rathaus und besonders auf dem Schlo\u00dfplatz wird der\u00a0<a href=\"https:\/\/www.wiesbaden.de\/leben-in-wiesbaden\/gesellschaft-soziales\/kinder\/kinderrechte\/weltkindertag\" target=\"_blank\" rel=\"noreferrer noopener\">Weltkindertag<\/a>\u00a0von 13:00 bis 18:00 Uhr gefeiert. Wir enden diesmal in der Gr\u00fcnanlage im Nerotal, wo uns der Eiswagen wieder mit Eis versorgen wird. Begleitet werden wir wie immer durch Polizei und Sanit\u00e4ter.<\/p> <h2>Malaktion<\/h2> <p>Wir werden den grauen Asphalt vor dem Landeshaus mit Kreide versch\u00f6nern. Somit bleibt die Kidical Mass auch noch in den Folgetagen f\u00fcr unterschiedlichste Verkehrsteilnehmende sichtbar. In unmittelbarer N\u00e4he wurde auf dem 1. Ring die beliebte Umweltspur unterbrochen. Eurer Kreativit\u00e4t sind dabei keine Grenzen gesetzt. Wir haben Kreide vor Ort. Damit ihr l\u00e4nger und auch mit eurer Lieblingsfarbe malen k\u00f6nnt, bringt am Besten eurer eigene Kreide mit.<\/p> <h2>Preise f\u00fcr Stempel einl\u00f6sen<\/h2> <p>F\u00fcr alle die 2025 drei Mal an der Kidical Mass teilgenommen und jedes Mal Stempel bei unserer\u00a0<a href=\"https:\/\/www.adfc-wiesbaden.de\/3-x-kidical-mass-1-ueberraschung\/\">Stempelaktion<\/a>\u00a0gesammelt haben, wartet wieder eine kleine \u00dcberraschung. Bringt eure gestempelten Flyer von der ersten und zweiten Kidical Mass mit, holt euch den letzten Stempel und tauscht den Flyer gegen die \u00dcberraschung ein.<br \/>Den letzten Stempel gibt es nach der Fahrt beim gelben\u00a0<a href=\"https:\/\/www.adfc-wiesbaden.de\/\" target=\"_blank\" rel=\"noreferrer noopener\">ADFC<\/a>-Lastenrad mit der Box vorne drauf.<\/p> <h2>Zubringertouren<\/h2> <h3>Geplanten Zubringertouren (\u00c4nderungen werden stetig aktualisiert):<\/h3> <figure> <table> <tbody> <tr> <td>Stadtteil \/ Quartier<\/td> <td>Treffpunkt<\/td> <td>Uhrzeit<\/td> <td>Distanz<\/td> <\/tr> <tr> <td>Nordost<\/td> <td><strong>Johannes-Maa\u00df-Schule<\/strong><br \/>Fahrradst\u00e4nder Johannes-Maa\u00df-Stra\u00dfe \/ gg\u00fc. Friedhofsmauer<\/td> <td>14:30<\/td> <td>1,5 km<\/td> <\/tr> <\/tbody> <\/table> <\/figure> <p>Zubringertouren sind selbstorganisierte Fahrten zu denen sich Familien an ihrer Grundschule im Viertel treffen und dann gemeinsam zum Startpunkt fahren. Die Zubringer sind keine angemeldete Demonstration und sind nicht Teil der Veranstaltung. Es wird auf Radwegen und verkehrsarmen Nebenstra\u00dfen gefahren.<br \/>Aus euren Viertel gibt es noch keinen Zubringer und ihr habt Interesse, dann schreibt uns,\u00a0<a href=\"mailto:kidicalmass@adfc-wiesbaden.de\">kidicalmass@adfc-wiesbaden.de<\/a>, an. Wir helfen beim Organisieren.<\/p>\n<img src=\"https:\/\/www.adfc-wiesbaden.de\/wp-content\/uploads\/2025\/01\/2025-09-21_kmwbn_Route_sharepic.jpg\" title=\"Kidical Mass Wiesbaden Route 21.09.2025\" alt=\"Route der 16. Kidical Mass Wiesbaden\" srcset=\"https:\/\/www.adfc-wiesbaden.de\/wp-content\/uploads\/2025\/01\/2025-09-21_kmwbn_Route_sharepic.jpg 735w, https:\/\/www.adfc-wiesbaden.de\/wp-content\/uploads\/2025\/01\/2025-09-21_kmwbn_Route_sharepic-700x973.jpg 700w, https:\/\/www.adfc-wiesbaden.de\/wp-content\/uploads\/2025\/01\/2025-09-21_kmwbn_Route_sharepic-200x278.jpg 200w\" sizes=\"(max-width: 735px) 100vw, 735px\" \/>\n<h3> Karte der Zubringertouren <\/h3> <iframe loading=\"lazy\" src=\"https:\/\/www.google.com\/maps\/d\/u\/0\/embed?mid=11jAiJcc-X0-dSVvxeJ1K4xzLMTOiGTg&ehbc=2E312F&noprof=1\" width=\"640\" height=\"480\"><\/iframe>","_links":{"self":[{"href":"https:\/\/www.adfc-wiesbaden.de\/tr\/wp-json\/wp\/v2\/posts\/1654","targetHints":{"allow":["GET"]}}],"collection":[{"href":"https:\/\/www.adfc-wiesbaden.de\/tr\/wp-json\/wp\/v2\/posts"}],"about":[{"href":"https:\/\/www.adfc-wiesbaden.de\/tr\/wp-json\/wp\/v2\/types\/post"}],"author":[{"embeddable":true,"href":"https:\/\/www.adfc-wiesbaden.de\/tr\/wp-json\/wp\/v2\/users\/52"}],"replies":[{"embeddable":true,"href":"https:\/\/www.adfc-wiesbaden.de\/tr\/wp-json\/wp\/v2\/comments?post=1654"}],"version-history":[{"count":32,"href":"https:\/\/www.adfc-wiesbaden.de\/tr\/wp-json\/wp\/v2\/posts\/1654\/revisions"}],"predecessor-version":[{"id":76052,"href":"https:\/\/www.adfc-wiesbaden.de\/tr\/wp-json\/wp\/v2\/posts\/1654\/revisions\/76052"}],"wp:featuredmedia":[{"embeddable":true,"href":"https:\/\/www.adfc-wiesbaden.de\/tr\/wp-json\/wp\/v2\/media\/76050"}],"wp:attachment":[{"href":"https:\/\/www.adfc-wiesbaden.de\/tr\/wp-json\/wp\/v2\/media?parent=1654"}],"wp:term":[{"taxonomy":"category","embeddable":true,"href":"https:\/\/www.adfc-wiesbaden.de\/tr\/wp-json\/wp\/v2\/categories?post=1654"},{"taxonomy":"post_tag","embeddable":true,"href":"https:\/\/www.adfc-wiesbaden.de\/tr\/wp-json\/wp\/v2\/tags?post=1654"}],"curies":[{"name":"wp","href":"https:\/\/api.w.org\/{rel}","templated":true}]}}