{"id":1781,"date":"2025-06-23T14:37:39","date_gmt":"2025-06-23T14:37:39","guid":{"rendered":"https:\/\/kidicalmass.adfc-wiesbaden.de\/?p=1781"},"modified":"2026-04-24T19:20:39","modified_gmt":"2026-04-24T17:20:39","slug":"sicheres-radeln-am-biebricher-schloss","status":"publish","type":"post","link":"https:\/\/www.adfc-wiesbaden.de\/tr\/2025\/06\/kidical-mass\/sicheres-radeln-am-biebricher-schloss\/","title":{"rendered":"Biebrich Kalesi'nde g\u00fcvenli bisiklet s\u00fcrme"},"content":{"rendered":"<!--themify_builder_content-->\n<div id=\"themify_builder_content-1781\" data-postid=\"1781\" class=\"themify_builder_content themify_builder_content-1781 themify_builder tf_clear\">\n                    <div  data-lazy=\"1\" class=\"module_row themify_builder_row tb_ytwx583 tb_first tf_w\">\n                        <div class=\"row_inner col_align_top tb_col_count_1 tf_box tf_rel\">\n                        <div  data-lazy=\"1\" class=\"module_column tb-column col-full tb_gcf2584 first\">\n                    <!-- module image -->\n<div  class=\"module module-image tb_lk7o825 image-top   tf_mw tb_gs2677162d\" data-lazy=\"1\">\n        <div class=\"image-wrap tf_rel tf_mw\">\n            <img loading=\"lazy\" decoding=\"async\" width=\"2048\" height=\"1152\" src=\"https:\/\/www.adfc-wiesbaden.de\/wp-content\/uploads\/2025\/06\/signal-2025-06-16-084350_004.jpeg\" class=\"wp-post-image wp-image-1784\" title=\"2025-06-15 _Kidical Mass Wiesbaden\" alt=\"Bisiklete binen \u00e7ocuklar ve yeti\u015fkinler, k\u0131smen ya\u011fmurluklarla, arabas\u0131z Biebrich Kalesi&#039;nin \u00f6n\u00fcnde.\" srcset=\"https:\/\/www.adfc-wiesbaden.de\/wp-content\/uploads\/2025\/06\/signal-2025-06-16-084350_004.jpeg 2048w, https:\/\/www.adfc-wiesbaden.de\/wp-content\/uploads\/2025\/06\/signal-2025-06-16-084350_004-700x394.jpeg 700w, https:\/\/www.adfc-wiesbaden.de\/wp-content\/uploads\/2025\/06\/signal-2025-06-16-084350_004-1400x788.jpeg 1400w, https:\/\/www.adfc-wiesbaden.de\/wp-content\/uploads\/2025\/06\/signal-2025-06-16-084350_004-200x113.jpeg 200w, https:\/\/www.adfc-wiesbaden.de\/wp-content\/uploads\/2025\/06\/signal-2025-06-16-084350_004-768x432.jpeg 768w, https:\/\/www.adfc-wiesbaden.de\/wp-content\/uploads\/2025\/06\/signal-2025-06-16-084350_004-1536x864.jpeg 1536w\" sizes=\"auto, (max-width: 2048px) 100vw, 2048px\" \/>    \n        <\/div>\n    <!-- \/image-wrap -->\n    \n        <\/div>\n<!-- \/module image --><!-- module text -->\n<div  class=\"module module-text tb_lv4x815    tb_gs678604\" data-lazy=\"1\">\n        <div  class=\"tb_text_wrap\">\n        <h1>Biebrich Kalesi'nde g\u00fcvenli bisiklet s\u00fcrme<\/h1>\n<p>Bu kez Kidical Mass kat\u0131l\u0131mc\u0131lar\u0131, son y\u0131llarda hava durumunda her zaman ne kadar \u015fansl\u0131 oldu\u011fumuzu fark ettiler. Ba\u015flang\u0131\u00e7ta hala olduk\u00e7a \u015fiddetli ya\u011fmur ya\u011f\u0131yordu, bu y\u00fczden baz\u0131lar\u0131 anla\u015f\u0131l\u0131r bir \u015fekilde iptal etmeye ya da do\u011frudan evde kalmaya karar verdi. Ama biz birka\u00e7 ki\u015fi de\u011fildik. \u015eehrin \u00e7ocuklar\u0131 Kidical Mass'i biliyor ve seviyorlar ve bir\u00e7o\u011fu k\u00fc\u00e7\u00fck bir ya\u011fmurun \u015fehrimizde \u00f6zg\u00fcrce, sorunsuz ve g\u00fcvenli bir \u015fekilde bisiklet s\u00fcrmelerini engellemesine izin vermedi.<\/p>\n<p>Bu sefer rota Biebrich'teki Ren k\u0131y\u0131lar\u0131na yol a\u00e7t\u0131. Ya\u011fmur \u00e7oktan durmu\u015ftu, Biebrich kalesinin \u00f6n\u00fcnde bisiklet s\u00fcrebildi\u011fimiz ve bir zamanlar arabas\u0131z, tamamen yeni olan bu yeri ke\u015ffedebildi\u011fimiz zaman. Araba g\u00fcr\u00fclt\u00fcs\u00fc olmadan orada ne kadar harika. B\u00f6ylece, Kidical Mass bir kez daha, kamusal alan\u0131n \u00e7o\u011funun araba trafi\u011finin g\u00fcr\u00fclt\u00fcs\u00fc ve alan gereksinimleri taraf\u0131ndan \u00fcst \u00fcste bindirilmemesi ve devral\u0131nmamas\u0131 ve gen\u00e7 ve ya\u015fl\u0131lar\u0131n g\u00fcvenli bir \u015fekilde bisiklet s\u00fcrebilmesi durumunda g\u00fczel \u015fehrimizde nas\u0131l olabilece\u011fine dair bir fikir sundu. \u00d6zellikle Biebrich'te, hepimiz Biebrich Kalesi'nin \u00f6n\u00fcndeki d\u00f6rt arabas\u0131z Eyl\u00fcl hafta sonunu d\u00f6rt g\u00f6zle bekleyebiliriz. O zaman bu yol ger\u00e7ekten insanlara ait ve daha fazla arabas\u0131z yollar\u0131n ve eylemlerin takip edece\u011fini umuyoruz. Herkes i\u00e7in g\u00fcvenli mobilite. \u00c7ocuklar\u0131n bize s\u00f6yledi\u011fi gibi:<\/p>\n<p><strong>Yol bizimdir!<\/strong><\/p>\n<p>ADFC, iyi ve g\u00fcvenli d\u00f6ng\u00fc yollar\u0131 i\u00e7in tutarl\u0131 bir \u015fekilde \u00e7al\u0131\u015fmaya devam eder. Deste\u011fini g\u00f6ster, devam et. Bir sonraki Kidical Mass 21 Eyl\u00fcl'de. Her zaman bir oyun alan\u0131nda sona erer ve dondurma kamyonu da sabit program\u0131n bir par\u00e7as\u0131d\u0131r!<\/p>    <\/div>\n<\/div>\n<!-- \/module text -->        <\/div>\n                        <\/div>\n        <\/div>\n        <\/div>\n<!--\/themify_builder_content-->","protected":false},"excerpt":{"rendered":"<p>Bu kez Kidical Mass kat\u0131l\u0131mc\u0131lar\u0131, son y\u0131llarda hava durumunda her zaman ne kadar \u015fansl\u0131 oldu\u011fumuzu fark ettiler. Ba\u015flang\u0131\u00e7ta hala olduk\u00e7a \u015fiddetli ya\u011fmur ya\u011f\u0131yordu, bu y\u00fczden baz\u0131lar\u0131 anla\u015f\u0131l\u0131r bir \u015fekilde iptal etmeye ya da do\u011frudan evde kalmaya karar verdi. Ama biz birka\u00e7 ki\u015fi de\u011fildik.<\/p>","protected":false},"author":65,"featured_media":76284,"comment_status":"closed","ping_status":"closed","sticky":false,"template":"Nachrichten-Seite.php","format":"standard","meta":{"footnotes":""},"categories":[932],"tags":[516,927,772],"class_list":["post-1781","post","type-post","status-publish","format-standard","has-post-thumbnail","hentry","category-kidical-mass","tag-kidical-mass","tag-sommer","tag-wiesbaden","has-post-title","has-post-date","has-post-category","has-post-tag","has-post-comment","has-post-author",""],"builder_content":"<img src=\"https:\/\/www.adfc-wiesbaden.de\/wp-content\/uploads\/2025\/06\/signal-2025-06-16-084350_004.jpeg\" title=\"2025-06-15_Kidical Mass Wiesbaden\" alt=\"Radelnder Kinder und Erwachsene, teils in Regenbekleidung, vor dem autofreien Biebricher Schloss.\" srcset=\"https:\/\/www.adfc-wiesbaden.de\/wp-content\/uploads\/2025\/06\/signal-2025-06-16-084350_004.jpeg 2048w, https:\/\/www.adfc-wiesbaden.de\/wp-content\/uploads\/2025\/06\/signal-2025-06-16-084350_004-700x394.jpeg 700w, https:\/\/www.adfc-wiesbaden.de\/wp-content\/uploads\/2025\/06\/signal-2025-06-16-084350_004-1400x788.jpeg 1400w, https:\/\/www.adfc-wiesbaden.de\/wp-content\/uploads\/2025\/06\/signal-2025-06-16-084350_004-200x113.jpeg 200w, https:\/\/www.adfc-wiesbaden.de\/wp-content\/uploads\/2025\/06\/signal-2025-06-16-084350_004-768x432.jpeg 768w, https:\/\/www.adfc-wiesbaden.de\/wp-content\/uploads\/2025\/06\/signal-2025-06-16-084350_004-1536x864.jpeg 1536w\" sizes=\"(max-width: 2048px) 100vw, 2048px\" \/>\n<h1>Sicheres Radeln am Biebricher Schloss<\/h1> <p>Dieses Mal wurde den Teilnehmer:innen der Kidical Mass bewusst, wie viel Gl\u00fcck wir in den letzten Jahren immer mit dem Wetter hatten. Zu Beginn regnete es noch recht stark, sodass sich einige nachvollziehbarerweise entschieden, abzubrechen oder lieber direkt zuhause zu bleiben. Wenige waren wir aber dennoch nicht. Die Kinder der Stadt kennen und lieben die Kidical Mass, und viele lie\u00dfen sich von ein wenig Regen nicht davon abhalten, frei, unbedr\u00e4ngt und ungef\u00e4hrdet durch unsere Stadt zu radeln.<\/p> <p>Die Route f\u00fchrte dieses Mal ans Biebricher Rheinufer. Der Regen hatte schon l\u00e4ngst aufgeh\u00f6rt, als wir vor dem Biebricher Schloss entlangradeln und diesen Ort, einmal ohne Autos, komplett neu entdecken konnten. Wie wunderbar es dort ohne Autol\u00e4rm ist. So bot die Kidical Mass erneut eine Ahnung davon, wie es in unserer sch\u00f6nen Stadt sein k\u00f6nnte, wenn nicht der Gro\u00dfteil des \u00f6ffentlichen Raums \u00fcberlagert und eingenommen w\u00e4re vom L\u00e4rm und vom Platzbedarf des Autoverkehrs, und wenn Gro\u00df und Klein sicher radeln k\u00f6nnten. Konkret in Biebrich d\u00fcrfen wir alle uns auf die vier autofreien Septemberwochenenden vor dem Biebricher Schloss freuen. Dann geh\u00f6rt diese Stra\u00dfe wirklich den Menschen, und wir hoffen sehr, dass daraus weitere autofreie Stra\u00dfen und Aktionen folgen werden. F\u00fcr eine sichere Mobilit\u00e4t f\u00fcr alle. Denn, so sagen es uns die Kinder:<\/p> <p><strong>Die Stra\u00dfe geh\u00f6rt uns!<\/strong><\/p> <p>Der ADFC setzt sich weiter und konsequent f\u00fcr gute und sichere Radwege ein. Zeigt eure Unterst\u00fctzung, radelt mit. Die n\u00e4chste Kidical Mass ist am 21. September. Sie endet immer auf einem Spielplatz, und der Eiswagen geh\u00f6rt auch zum festen Programm!<\/p>","_links":{"self":[{"href":"https:\/\/www.adfc-wiesbaden.de\/tr\/wp-json\/wp\/v2\/posts\/1781","targetHints":{"allow":["GET"]}}],"collection":[{"href":"https:\/\/www.adfc-wiesbaden.de\/tr\/wp-json\/wp\/v2\/posts"}],"about":[{"href":"https:\/\/www.adfc-wiesbaden.de\/tr\/wp-json\/wp\/v2\/types\/post"}],"author":[{"embeddable":true,"href":"https:\/\/www.adfc-wiesbaden.de\/tr\/wp-json\/wp\/v2\/users\/65"}],"replies":[{"embeddable":true,"href":"https:\/\/www.adfc-wiesbaden.de\/tr\/wp-json\/wp\/v2\/comments?post=1781"}],"version-history":[{"count":14,"href":"https:\/\/www.adfc-wiesbaden.de\/tr\/wp-json\/wp\/v2\/posts\/1781\/revisions"}],"predecessor-version":[{"id":76286,"href":"https:\/\/www.adfc-wiesbaden.de\/tr\/wp-json\/wp\/v2\/posts\/1781\/revisions\/76286"}],"wp:featuredmedia":[{"embeddable":true,"href":"https:\/\/www.adfc-wiesbaden.de\/tr\/wp-json\/wp\/v2\/media\/76284"}],"wp:attachment":[{"href":"https:\/\/www.adfc-wiesbaden.de\/tr\/wp-json\/wp\/v2\/media?parent=1781"}],"wp:term":[{"taxonomy":"category","embeddable":true,"href":"https:\/\/www.adfc-wiesbaden.de\/tr\/wp-json\/wp\/v2\/categories?post=1781"},{"taxonomy":"post_tag","embeddable":true,"href":"https:\/\/www.adfc-wiesbaden.de\/tr\/wp-json\/wp\/v2\/tags?post=1781"}],"curies":[{"name":"wp","href":"https:\/\/api.w.org\/{rel}","templated":true}]}}