{"id":30,"date":"2022-01-05T21:13:03","date_gmt":"2022-01-05T21:13:03","guid":{"rendered":"https:\/\/kidicalmass.adfc-wiesbaden.de\/?p=30"},"modified":"2026-04-24T19:59:47","modified_gmt":"2026-04-24T17:59:47","slug":"2022-03-20","status":"publish","type":"post","link":"https:\/\/www.adfc-wiesbaden.de\/tr\/2022\/01\/kidical-mass\/2022-03-20\/","title":{"rendered":"\u00c7ocuk kitlesi 20 Mart 2022"},"content":{"rendered":"<h2 class=\"wp-block-heading\">\u00c7ocuk kitlesi 20 Mart 2022<\/h2>\n\n\n\n<p>Pazar g\u00fcn\u00fc \u00f6zellikle \u00e7ocuklar, Kidical Mass i\u00e7in bisiklet Corso be\u015finci kez davet ediyoruz.<br>Onunla birlikte, \u00e7ocuk ve bisiklet dostu bir Wiesbaden i\u00e7in g\u00f6steri yap\u0131yoruz. Son demolar\u0131n deneyimi, \u00e7ocuklar\u0131n arabalar taraf\u0131ndan tehlikeye at\u0131lmadan nihayet \u015fehirde bisiklet s\u00fcrmeyi sevdiklerini g\u00f6steriyor.<br>Kidical Mass, \u00e7ocuk dostu olacak \u015fekilde tasarlanm\u0131\u015ft\u0131r. Saatte 9 km h\u0131zla ilerliyoruz ve herkesin gelmesini sa\u011fl\u0131yoruz. \u00c7ocuk koltu\u011funda, kargo bisikletinde veya bisiklet r\u00f6morkunda bulunan \u00e7ocuklar da kabul edilir.<\/p>\n\n\n\n<p>Walkm\u00fchlenanlage oyun alan\u0131ndaki ye\u015fil alan D\u00fcrerpark'ta sona eriyoruz.<\/p>\n\n\n<!-- wp:themify-builder\/canvas \/-->","protected":false},"excerpt":{"rendered":"<p>Pazar g\u00fcn\u00fc \u00f6zellikle \u00e7ocuklar, Kidical Mass i\u00e7in bisiklet Corso be\u015finci kez davet ediyoruz.<br \/>\nOnunla birlikte, \u00e7ocuk ve bisiklet dostu bir Wiesbaden i\u00e7in g\u00f6steri yap\u0131yoruz. Son demolar\u0131n deneyimi, \u00e7ocuklar\u0131n arabalar taraf\u0131ndan tehlikeye at\u0131lmadan nihayet \u015fehirde bisiklet s\u00fcrmeyi sevdiklerini g\u00f6steriyor.<br \/>\nKidical Mass, \u00e7ocuk dostu olacak \u015fekilde tasarlanm\u0131\u015ft\u0131r. Saatte 9 km h\u0131zla ilerliyoruz ve herkesin gelmesini sa\u011fl\u0131yoruz. \u00c7ocuk koltu\u011funda, kargo bisikletinde veya bisiklet r\u00f6morkunda bulunan \u00e7ocuklar da kabul edilir.<\/p>","protected":false},"author":52,"featured_media":1176,"comment_status":"closed","ping_status":"closed","sticky":false,"template":"Nachrichten-Seite.php","format":"standard","meta":{"footnotes":""},"categories":[932],"tags":[925,516],"class_list":["post-30","post","type-post","status-publish","format-standard","has-post-thumbnail","hentry","category-kidical-mass","tag-fruehling","tag-kidical-mass","has-post-title","has-post-date","has-post-category","has-post-tag","has-post-comment","has-post-author",""],"builder_content":"","_links":{"self":[{"href":"https:\/\/www.adfc-wiesbaden.de\/tr\/wp-json\/wp\/v2\/posts\/30","targetHints":{"allow":["GET"]}}],"collection":[{"href":"https:\/\/www.adfc-wiesbaden.de\/tr\/wp-json\/wp\/v2\/posts"}],"about":[{"href":"https:\/\/www.adfc-wiesbaden.de\/tr\/wp-json\/wp\/v2\/types\/post"}],"author":[{"embeddable":true,"href":"https:\/\/www.adfc-wiesbaden.de\/tr\/wp-json\/wp\/v2\/users\/52"}],"replies":[{"embeddable":true,"href":"https:\/\/www.adfc-wiesbaden.de\/tr\/wp-json\/wp\/v2\/comments?post=30"}],"version-history":[{"count":5,"href":"https:\/\/www.adfc-wiesbaden.de\/tr\/wp-json\/wp\/v2\/posts\/30\/revisions"}],"predecessor-version":[{"id":76352,"href":"https:\/\/www.adfc-wiesbaden.de\/tr\/wp-json\/wp\/v2\/posts\/30\/revisions\/76352"}],"wp:featuredmedia":[{"embeddable":true,"href":"https:\/\/www.adfc-wiesbaden.de\/tr\/wp-json\/wp\/v2\/media\/1176"}],"wp:attachment":[{"href":"https:\/\/www.adfc-wiesbaden.de\/tr\/wp-json\/wp\/v2\/media?parent=30"}],"wp:term":[{"taxonomy":"category","embeddable":true,"href":"https:\/\/www.adfc-wiesbaden.de\/tr\/wp-json\/wp\/v2\/categories?post=30"},{"taxonomy":"post_tag","embeddable":true,"href":"https:\/\/www.adfc-wiesbaden.de\/tr\/wp-json\/wp\/v2\/tags?post=30"}],"curies":[{"name":"wp","href":"https:\/\/api.w.org\/{rel}","templated":true}]}}