{"id":32,"date":"2022-01-06T21:13:23","date_gmt":"2022-01-06T21:13:23","guid":{"rendered":"https:\/\/kidicalmass.adfc-wiesbaden.de\/?p=32"},"modified":"2026-04-24T19:58:34","modified_gmt":"2026-04-24T17:58:34","slug":"2022-05-15","status":"publish","type":"post","link":"https:\/\/www.adfc-wiesbaden.de\/tr\/2022\/01\/kidical-mass\/2022-05-15\/","title":{"rendered":"Kidical Mass 15 May\u0131s 2022"},"content":{"rendered":"<p><\/p>\n\n\n<\/p>\n<h3>ADFC Kidical Mass soka\u011fa ait<\/h3>\n<p>15 May\u0131s 2022 Pazar g\u00fcn\u00fc, <a href=\"https:\/\/www.adfc-wiesbaden.de\/tr\/Startseite\/\">ADFC Wiesbaden<\/a> ikinci Kidical Mass Wiesbaden 2022. Bu, d\u00fcnya \u00e7ap\u0131ndaki Kidical Mass haftasonunun bir par\u00e7as\u0131 olarak ger\u00e7ekle\u015fir. Bulu\u015fma noktas\u0131 saat 15:00'te Dernsches sahas\u0131nda. \u00c7ocuk Bisikleti Corso'da, en gen\u00e7 yol kullan\u0131c\u0131lar\u0131 ve ebeveynleri Wiesbaden'in sokaklar\u0131nda yakla\u015f\u0131k bir saat boyunca rahat ve g\u00fcvenli bir \u015fekilde bisiklet s\u00fcrebilirler. Hedef oyun alan\u0131 Homburger Stra\u00dfe'dir.<br \/>Saatte 9 km h\u0131zla ilerliyoruz ve herkesin gelmesini sa\u011fl\u0131yoruz. \u00c7ocuk koltu\u011funda, kargo bisikletinde veya bisiklet r\u00f6morkunda bulunan \u00e7ocuklar da kabul edilir.<\/p>\n<p>\n\n\n<p><\/p>\n<p><\/p>\n\n\n<\/p>\n<h4>Bir sonraki damgay\u0131 sabitleyin<\/h4>\n<p style=\"margin-bottom: 1.5em;\">Kidical Mass 3 kez kat\u0131l\u0131n ve bir s\u00fcrpriz olsun, bu ne bizim <a href=\"https:\/\/www.adfc-wiesbaden.de\/tr\/3-x-kidical-mass-1-ueberraschung\/\">Damga hareketi<\/a>.\u00a0 Bu y\u00fczden ilk Kidical Mass 2022'den damgal\u0131 el ilanlar\u0131n\u0131z\u0131 getirin ve bir sonraki damgay\u0131 al\u0131n.<\/p>\n<h4>\u00dclke \u00e7ap\u0131nda eylem hafta sonu<\/h4>\n<p style=\"margin-bottom: 1.5em;\">Bu hafta sonu Almanya'da yakla\u015f\u0131k 180 \u015fehirde Kidical Masses d\u00fczenlenecek. On binlerce \u00e7ocuk, gen\u00e7 ve aile tekerlekli olacak. Karayolu trafik yasas\u0131nda reform yap\u0131lmas\u0131 \u00e7a\u011fr\u0131s\u0131nda bulunuyorlar. \u00c7ocuklar\u0131n savunmas\u0131zl\u0131\u011f\u0131 orada bulunmal\u0131d\u0131r.<br \/>\u015eimdi de <a href=\"https:\/\/weact.campact.de\/petitions\/uns-gehort-die-strasse-wir-brauchen-ein-kinderfreundliches-strassenverkehrsrecht\">\u00c7evrimi\u00e7i dilek\u00e7e<\/a> Resim \u00e7iziyorum. - Evet.<\/p>\n<p>\n\n\n<p><\/p>\n<p>P.S. i\u00e7in: Bizim yaz bask\u0131s\u0131 bir hafta \u00f6nce ba\u015flar <a href=\"https:\/\/www.wiesbaden.de\/leben-in-wiesbaden\/verkehr\/fahrrad\/stadtradeln.php\">\u015eehir bisikleti Wiesbaden 2022<\/a>.<\/p>\n\n<!-- wp:themify-builder\/canvas \/-->","protected":false},"excerpt":{"rendered":"<p>15 May\u0131s 2022 Pazar g\u00fcn\u00fc ADFC Wiesbaden, ikinci Kidical Mass Wiesbaden 2022'ye ev sahipli\u011fi yapacak. * Bulu\u015fma noktas\u0131 saat 15:00'te Dern\u2019sches sitesindedir.<\/p>","protected":false},"author":52,"featured_media":1255,"comment_status":"closed","ping_status":"closed","sticky":false,"template":"Nachrichten-Seite.php","format":"standard","meta":{"footnotes":""},"categories":[932],"tags":[516,927,772],"class_list":["post-32","post","type-post","status-publish","format-standard","has-post-thumbnail","hentry","category-kidical-mass","tag-kidical-mass","tag-sommer","tag-wiesbaden","has-post-title","has-post-date","has-post-category","has-post-tag","has-post-comment","has-post-author",""],"builder_content":"","_links":{"self":[{"href":"https:\/\/www.adfc-wiesbaden.de\/tr\/wp-json\/wp\/v2\/posts\/32","targetHints":{"allow":["GET"]}}],"collection":[{"href":"https:\/\/www.adfc-wiesbaden.de\/tr\/wp-json\/wp\/v2\/posts"}],"about":[{"href":"https:\/\/www.adfc-wiesbaden.de\/tr\/wp-json\/wp\/v2\/types\/post"}],"author":[{"embeddable":true,"href":"https:\/\/www.adfc-wiesbaden.de\/tr\/wp-json\/wp\/v2\/users\/52"}],"replies":[{"embeddable":true,"href":"https:\/\/www.adfc-wiesbaden.de\/tr\/wp-json\/wp\/v2\/comments?post=32"}],"version-history":[{"count":3,"href":"https:\/\/www.adfc-wiesbaden.de\/tr\/wp-json\/wp\/v2\/posts\/32\/revisions"}],"predecessor-version":[{"id":76347,"href":"https:\/\/www.adfc-wiesbaden.de\/tr\/wp-json\/wp\/v2\/posts\/32\/revisions\/76347"}],"wp:featuredmedia":[{"embeddable":true,"href":"https:\/\/www.adfc-wiesbaden.de\/tr\/wp-json\/wp\/v2\/media\/1255"}],"wp:attachment":[{"href":"https:\/\/www.adfc-wiesbaden.de\/tr\/wp-json\/wp\/v2\/media?parent=32"}],"wp:term":[{"taxonomy":"category","embeddable":true,"href":"https:\/\/www.adfc-wiesbaden.de\/tr\/wp-json\/wp\/v2\/categories?post=32"},{"taxonomy":"post_tag","embeddable":true,"href":"https:\/\/www.adfc-wiesbaden.de\/tr\/wp-json\/wp\/v2\/tags?post=32"}],"curies":[{"name":"wp","href":"https:\/\/api.w.org\/{rel}","templated":true}]}}