{"id":39,"date":"2022-01-07T18:54:25","date_gmt":"2022-01-07T18:54:25","guid":{"rendered":"https:\/\/kidicalmass.adfc-wiesbaden.de\/?p=39"},"modified":"2026-04-24T19:57:35","modified_gmt":"2026-04-24T17:57:35","slug":"2022-09-25","status":"publish","type":"post","link":"https:\/\/www.adfc-wiesbaden.de\/tr\/2022\/01\/kidical-mass\/2022-09-25\/","title":{"rendered":"\u00c7ocuk kitlesi 25 Eyl\u00fcl 2022"},"content":{"rendered":"<h1 class=\"wp-block-heading\" id=\"7.-Kidical-Mass-Wiesbaden\">7. Wiesbaden'de Kidical Mass<\/h1>\n\n\n\n<ul class=\"wp-block-list\">\n<li><a href=\"https:\/\/www.adfc-wiesbaden.de\/tr\/2022-09-25\/#Preise\">Pullar i\u00e7in fiyatlar\u0131 kullan<\/a><\/li>\n\n\n\n<li><a href=\"https:\/\/www.adfc-wiesbaden.de\/tr\/2022-09-25\/#Malaktion\">Boyama eylemi<\/a><\/li>\n\n\n\n<li><a href=\"https:\/\/www.adfc-wiesbaden.de\/tr\/2022-09-25\/#Schilder\">* afi\u015fler, i\u015faretler, \u2026<\/a><\/li>\n\n\n\n<li><a href=\"https:\/\/www.adfc-wiesbaden.de\/tr\/2022-09-25\/#Zubringertouren\">Besleyici turlar\u0131<\/a><\/li>\n<\/ul>\n\n\n\n<p>\u00dc\u00e7\u00fcnc\u00fc Kidical Mass Wiesbaden 2022, 25.09'da ger\u00e7ekle\u015fecek. <a href=\"https:\/\/kinderaufsrad.org\/\" data-type=\"URL\" data-id=\"https:\/\/kinderaufsrad.org\/\" target=\"_blank\" rel=\"noreferrer noopener\">Kidical kitle hafta sonu<\/a> Onun yerine. S\u0131rad\u0131\u015f\u0131 bir \u015fekilde Kranzplatz'da ba\u015fl\u0131yor. Sonbahar bask\u0131s\u0131 \u015fehir festivalini s\u00fcsl\u00fcyor. \u015eehir merkezi ile cezbediyor <a href=\"https:\/\/www.wiesbaden.de\/leben-in-wiesbaden\/freizeit\/feste\/verkaufsoffener-sonntag.php\" target=\"_blank\" rel=\"noreferrer noopener\">Pazar g\u00fcn\u00fc sat\u0131\u015fa a\u00e7\u0131k<\/a>, yaya b\u00f6lgesinde sonbahar pazar\u0131, Dern\u2019sche Gel\u00e4nde ve \u015fehir festivali <a href=\"https:\/\/www.wiesbaden.de\/leben-in-wiesbaden\/freizeit\/feste\/erntedankfest.php\" target=\"_blank\" rel=\"noreferrer noopener\">\u015e\u00fckran g\u00fcn\u00fc<\/a> s\u0131cak ba\u011f\u0131rsakta. \u0130kincisi, b\u00f6lgesel \u00fcr\u00fcnlerle \u00e7ocuk bisikleti Corso'dan sonra kendinizi g\u00fc\u00e7lendirmek i\u00e7in ipucumuzdur. <\/p>\n\n\n\n<h2 class=\"wp-block-heading\" id=\"Preise\">Pullar i\u00e7in fiyatlar\u0131 kullan<\/h2>\n\n\n\n<p>Kidical Mass 3 kez kat\u0131l\u0131n ve bir s\u00fcrpriz olsun, bu ne bizim&nbsp;<a href=\"https:\/\/www.adfc-wiesbaden.de\/tr\/3-x-kidical-mass-1-ueberraschung\/\">Damga hareketi<\/a>.\u00a0 Bu y\u00fczden birinci ve ikinci Kidical Mass 2022'den damgal\u0131 el ilanlar\u0131n\u0131z\u0131 getirin, bir sonraki damgay\u0131 ve k\u00fc\u00e7\u00fck bir s\u00fcrprizi al\u0131n.<br>Son damga ve fiyatlar sar\u0131 yolculuktan sonra vermek <a href=\"https:\/\/www.adfc-wiesbaden.de\/tr\/\" target=\"_blank\" rel=\"noreferrer noopener\">ADFC<\/a>\u00d6ndeki kutuyla tekerle\u011fi.<\/p>\n\n\n\n<h2 class=\"wp-block-heading\" id=\"Malaktion\">Boyama eylemi<\/h2>\n\n\n\n<p>Friedrich-Ebert-Allee'deki Landesmuseum'un \u00f6n\u00fcnde mola veriyoruz. Bu aksi takdirde iyi s\u0131k\u0131lm\u0131\u015f yolun asfalt\u0131n\u0131 tebe\u015firle g\u00fczelle\u015ftirece\u011fiz. B\u00f6ylece, Kidical Mass, takip eden g\u00fcnlerde bile \u00e7ok \u00e7e\u015fitli trafik kat\u0131l\u0131mc\u0131lar\u0131 taraf\u0131ndan g\u00f6r\u00fclebilir. Yarat\u0131c\u0131l\u0131\u011f\u0131n\u0131z\u0131n s\u0131n\u0131r\u0131 yoktur. Yerinde tebe\u015firimiz var. B\u00f6ylece daha uzun s\u00fcre boyayabilir ve en sevdi\u011finiz renkle kendi tebe\u015firinizi getirebilirsiniz.<\/p>\n\n\n\n<h2 class=\"wp-block-heading\" id=\"Schilder\">* afi\u015fler, i\u015faretler, \u2026<\/h2>\n\n\n\n<p>Yoldan ge\u00e7enlere her \u015feyin neyle ilgili oldu\u011funu g\u00f6stermek i\u00e7in i\u015faretler, afi\u015fler vb. yararl\u0131d\u0131r. Bunlar\u0131 \u00f6nceden yarat\u0131r, tekerleklere ba\u011flar ve b\u00f6ylece niyetlerimizi ta\u015f\u0131r. \u0130\u015faretler hakk\u0131nda hi\u00e7bir fikrin yok. <a href=\"https:\/\/kinderaufsrad.org\/wp-content\/uploads\/2022\/05\/Demoschilder_KidicalMass_Selbstausdrucken-1.pdf\">burada<\/a> Formlar\u0131 indirebilir ve yazd\u0131rabilirsiniz. * Son Kinder-Fahrtrad-Korso'da bu tabela \u2018Safe speed down, thank you\u2019 kelimeleriyle bas\u0131lm\u0131\u015ft\u0131r.<\/p>\n\n\n\n<div class=\"wp-block-cover aligncenter\" style=\"min-height:700px;aspect-ratio:unset;\"><img loading=\"lazy\" decoding=\"async\" width=\"700\" height=\"467\" class=\"wp-block-cover__image-background wp-image-69750\" alt=\"Bir\u00e7ok \u00e7ocuk da dahil olmak \u00fczere bir grup bisiklet\u00e7i.\" src=\"https:\/\/www.adfc-wiesbaden.de\/wp-content\/uploads\/2025\/02\/KidicalMassWiesbaden_6d-700x467.jpg\" data-object-fit=\"cover\" srcset=\"https:\/\/www.adfc-wiesbaden.de\/wp-content\/uploads\/2025\/02\/KidicalMassWiesbaden_6d-700x467.jpg 700w, https:\/\/www.adfc-wiesbaden.de\/wp-content\/uploads\/2025\/02\/KidicalMassWiesbaden_6d-200x133.jpg 200w, https:\/\/www.adfc-wiesbaden.de\/wp-content\/uploads\/2025\/02\/KidicalMassWiesbaden_6d-768x512.jpg 768w, https:\/\/www.adfc-wiesbaden.de\/wp-content\/uploads\/2025\/02\/KidicalMassWiesbaden_6d-300x200.jpg 300w, https:\/\/www.adfc-wiesbaden.de\/wp-content\/uploads\/2025\/02\/KidicalMassWiesbaden_6d.jpg 1024w\" sizes=\"auto, (max-width: 700px) 100vw, 700px\" \/><span aria-hidden=\"true\" class=\"wp-block-cover__background has-background-dim\"><\/span><div class=\"wp-block-cover__inner-container is-layout-flow wp-block-cover-is-layout-flow\">\n<p class=\"has-text-align-center has-large-font-size\"><\/p>\n<\/div><\/div>\n\n\n\n<h2 class=\"wp-block-heading\" id=\"Zubringertouren\">Besleyici turlar\u0131<\/h2>\n\n\n\n<p>\u015eu anda farkl\u0131 il\u00e7elerden besleyici turlar d\u00fczenlemeye \u00e7al\u0131\u015f\u0131yoruz. Onlar\u0131 \u00f6n\u00fcm\u00fczdeki hafta burada yay\u0131nlayaca\u011f\u0131z. E\u011fer ilgileniyorsan\u0131z, l\u00fctfen bize yaz\u0131n: <a href=\"\/tr\/m&\/#97;&#105;&#x6c;&#x74;o:&#107;&#105;&#x64;&#x69;ca&#108;&#109;&#x61;&#x73;s&#64;&#97;&#x64;&#x66;&#x63;-&#119;&#105;&#x65;&#x73;&#x62;a&#100;&#101;&#x6e;&#x2e;&#x64;e\">kidicalmass@adfc-wiesbaden.de<\/a><\/p>\n\n\n<!-- wp:themify-builder\/canvas \/-->","protected":false},"excerpt":{"rendered":"<p>25 Eyl\u00fcl 2022 Pazar g\u00fcn\u00fc ADFC Wiesbaden, \u00fc\u00e7\u00fcnc\u00fc Kidical Mass Wiesbaden 2022'ye ev sahipli\u011fi yapacak. Bulu\u015fma noktas\u0131 saat 15:00'te Kranzplatz'da.<\/p>","protected":false},"author":52,"featured_media":1370,"comment_status":"closed","ping_status":"closed","sticky":false,"template":"Nachrichten-Seite.php","format":"standard","meta":{"footnotes":""},"categories":[932],"tags":[928,516,772],"class_list":["post-39","post","type-post","status-publish","format-standard","has-post-thumbnail","hentry","category-kidical-mass","tag-herbst","tag-kidical-mass","tag-wiesbaden","has-post-title","has-post-date","has-post-category","has-post-tag","has-post-comment","has-post-author",""],"builder_content":"","_links":{"self":[{"href":"https:\/\/www.adfc-wiesbaden.de\/tr\/wp-json\/wp\/v2\/posts\/39","targetHints":{"allow":["GET"]}}],"collection":[{"href":"https:\/\/www.adfc-wiesbaden.de\/tr\/wp-json\/wp\/v2\/posts"}],"about":[{"href":"https:\/\/www.adfc-wiesbaden.de\/tr\/wp-json\/wp\/v2\/types\/post"}],"author":[{"embeddable":true,"href":"https:\/\/www.adfc-wiesbaden.de\/tr\/wp-json\/wp\/v2\/users\/52"}],"replies":[{"embeddable":true,"href":"https:\/\/www.adfc-wiesbaden.de\/tr\/wp-json\/wp\/v2\/comments?post=39"}],"version-history":[{"count":7,"href":"https:\/\/www.adfc-wiesbaden.de\/tr\/wp-json\/wp\/v2\/posts\/39\/revisions"}],"predecessor-version":[{"id":76346,"href":"https:\/\/www.adfc-wiesbaden.de\/tr\/wp-json\/wp\/v2\/posts\/39\/revisions\/76346"}],"wp:featuredmedia":[{"embeddable":true,"href":"https:\/\/www.adfc-wiesbaden.de\/tr\/wp-json\/wp\/v2\/media\/1370"}],"wp:attachment":[{"href":"https:\/\/www.adfc-wiesbaden.de\/tr\/wp-json\/wp\/v2\/media?parent=39"}],"wp:term":[{"taxonomy":"category","embeddable":true,"href":"https:\/\/www.adfc-wiesbaden.de\/tr\/wp-json\/wp\/v2\/categories?post=39"},{"taxonomy":"post_tag","embeddable":true,"href":"https:\/\/www.adfc-wiesbaden.de\/tr\/wp-json\/wp\/v2\/tags?post=39"}],"curies":[{"name":"wp","href":"https:\/\/api.w.org\/{rel}","templated":true}]}}