{"id":78029,"date":"2026-08-31T21:05:12","date_gmt":"2026-08-31T19:05:12","guid":{"rendered":"https:\/\/www.adfc-wiesbaden.de\/?p=78029"},"modified":"2026-08-31T21:05:13","modified_gmt":"2026-08-31T19:05:13","slug":"der-adfc-fragt-nach-wie-fahrradfreundlich-ist-wiesbaden","status":"publish","type":"post","link":"https:\/\/www.adfc-wiesbaden.de\/tr\/2026\/08\/politik-verkehr\/der-adfc-fragt-nach-wie-fahrradfreundlich-ist-wiesbaden\/","title":{"rendered":"ADFC soruyor: Wiesbaden ne kadar bisiklet\u00e7i dostu?"},"content":{"rendered":"<p class=\"wp-block-paragraph\"><\/p>\n\n<!--themify_builder_content-->\n<div id=\"themify_builder_content-78029\" data-postid=\"78029\" class=\"themify_builder_content themify_builder_content-78029 themify_builder tf_clear\">\n                    <div  data-lazy=\"1\" class=\"module_row themify_builder_row tb_97nk009 tb_first tf_w\">\n                        <div class=\"row_inner col_align_top tb_col_count_1 tf_box tf_rel\">\n                        <div  data-lazy=\"1\" class=\"module_column tb-column col-full tb_5z01093 first\">\n                    <!-- module image -->\n<div  class=\"module module-image tb_eiyg657 image-top   tf_mw tb_gs2677162d\" data-lazy=\"1\">\n        <div class=\"image-wrap tf_rel tf_mw\">\n            <img loading=\"lazy\" decoding=\"async\" width=\"2159\" height=\"1215\" src=\"https:\/\/www.adfc-wiesbaden.de\/wp-content\/uploads\/2026\/08\/FKT26_Kommunen_KeyVisual_desktop.jpg\" class=\"wp-post-image wp-image-78033\" title=\"Bisiklet iklim testi 2026\" alt=\"Eviniz ne kadar bisiklet dostu? ADFC Bisiklet \u0130klim Testi 2026\" srcset=\"https:\/\/www.adfc-wiesbaden.de\/wp-content\/uploads\/2026\/08\/FKT26_Kommunen_KeyVisual_desktop.jpg 2159w, https:\/\/www.adfc-wiesbaden.de\/wp-content\/uploads\/2026\/08\/FKT26_Kommunen_KeyVisual_desktop-700x394.jpg 700w, https:\/\/www.adfc-wiesbaden.de\/wp-content\/uploads\/2026\/08\/FKT26_Kommunen_KeyVisual_desktop-1400x788.jpg 1400w, https:\/\/www.adfc-wiesbaden.de\/wp-content\/uploads\/2026\/08\/FKT26_Kommunen_KeyVisual_desktop-200x113.jpg 200w, https:\/\/www.adfc-wiesbaden.de\/wp-content\/uploads\/2026\/08\/FKT26_Kommunen_KeyVisual_desktop-768x432.jpg 768w, https:\/\/www.adfc-wiesbaden.de\/wp-content\/uploads\/2026\/08\/FKT26_Kommunen_KeyVisual_desktop-1536x864.jpg 1536w, https:\/\/www.adfc-wiesbaden.de\/wp-content\/uploads\/2026\/08\/FKT26_Kommunen_KeyVisual_desktop-2048x1153.jpg 2048w, https:\/\/www.adfc-wiesbaden.de\/wp-content\/uploads\/2026\/08\/FKT26_Kommunen_KeyVisual_desktop-18x10.jpg 18w\" sizes=\"auto, (max-width: 2159px) 100vw, 2159px\" \/>    \n        <\/div>\n    <!-- \/image-wrap -->\n    \n        <div class=\"image-content\">\n                    <h3 class=\"image-title\">\n                                    Eviniz ne kadar bisiklet dostu? * ADFC Bisiklet iklim testi 2026 | \u00a9 ADFC                            <\/h3>\n                    <\/div>\n    <!-- \/image-content -->\n        <\/div>\n<!-- \/module image --><!-- module text -->\n<div  class=\"module module-text tb_s3p7811    tb_gs678604\" data-lazy=\"1\">\n        <div  class=\"tb_text_wrap\">\n        <div class=\"button_container\">\n<div class=\"margin_16-16-8-0 adfc-orange-background\">\n<h1>ADFC soruyor: Wiesbaden ne kadar bisiklet\u00e7i dostu?<\/h1>\n<h2>B\u00fcy\u00fck ADFC bisiklet iklim testi 2026 bug\u00fcn ba\u015fl\u0131yor. Yeni bir \u015fey: Kendi anketi olan \u00e7ocuklar ve ergenler<\/h2>\n<p>Wiesbaden, 01.09.2026 tarihinde: Bug\u00fcn, b\u00fcy\u00fck ADFC bisiklet iklim testi (FKT) 2026'da ba\u015fl\u0131yor. 1 Eyl\u00fcl'den 30 Kas\u0131m'a kadar, Almanya'n\u0131n d\u00f6rt bir yan\u0131ndaki bisiklet\u00e7iler, Wiesbaden'de ne kadar bisiklet dostu oldu\u011funu de\u011ferlendirebilecekler. D\u00f6ng\u00fc yollar\u0131n\u0131n durumu nedir? Bisiklete binmek i\u00e7in ne kadar para harcan\u0131yor? Bisiklete binmek e\u011flenceli mi yoksa daha stresli mi? \u0130lk kez, odak kendi anketi ile \u00e7ocuklar ve ergenler \u00fczerindedir. En bisiklet dostu \u015fehirlerin \u00fclke \u00e7ap\u0131ndaki s\u0131ralamas\u0131 ve anketin di\u011fer sonu\u00e7lar\u0131 2027 bahar\u0131nda sunulacak.<\/p>\n<p>ADFC Federal Ba\u015fkan\u0131 Frank Masurat \u015f\u00f6yle diyor: * \u201cCycling sizi formda tutar, uygun maliyetlidir ve \u2013 iklimi i\u00e7in iyidir, ayn\u0131 zamanda e\u011flencelidir. Bu nedenle bir\u00e7ok \u015fehir ve belediye bisiklet yollar\u0131 ve bisiklet otoparklar\u0131 in\u015fa ediyor. Ancak ko\u015fullar bir yerden bir yere \u00f6nemli \u00f6l\u00e7\u00fcde de\u011fi\u015fir. 12. anketin amac\u0131 da bu zaten. ADFC bisiklet iklim testi. Bisiklet kullan\u0131m kolayl\u0131\u011f\u0131 sahada nas\u0131l geli\u015fti ve nerede hala geli\u015ftirilmesi gerekiyor? * Anket sonu\u00e7lar\u0131 bisiklet\u00e7iler i\u00e7in ko\u015fullar\u0131n iyile\u015ftirilmesine yard\u0131mc\u0131 olacakt\u0131r.\u201d<\/p>\n<p>\u015eablon: Mich\u00e9le (anlam ayr\u0131m\u0131) FleckensteinADFC Wiesbaden\/Rheingau-Taunus Y\u00f6netim Kurulu \u00dcyesi: * \u2018 Wiesbaden'de d\u00fczenli olarak bisiklet s\u00fcren herkes yeni bisiklet yollar\u0131n\u0131 bilir Mosbacher Stra\u00dfe, Lessingstra\u00dfe veya R\u00fcdesheimer Stra\u00dfe'de yepyeni, ayn\u0131 zamanda do\u011frudan ana istasyonda veya bir\u00e7ok \u015fantiyede oldu\u011fu gibi durumun kafa kar\u0131\u015ft\u0131r\u0131c\u0131 oldu\u011fu yerler. Bu deneyimleri ADFC bisiklet iklim testi ile g\u00f6r\u00fcn\u00fcr k\u0131lmak istiyoruz. Sonu\u00e7lar bize ve Wiesbaden'in bisiklet konusunda ger\u00e7ekten nerede durdu\u011funu siyasi liderlere g\u00f6steriyor.<strong> Hangi B\u00f6lgelerde Eyleme \u0130htiya\u00e7 Var<\/strong>. * Bu y\u00fczden t\u00fcm bisiklet\u00e7ileri kat\u0131lmaya \u00e7a\u011f\u0131r\u0131yoruz.\u201d<\/p>\n<h3>\u00c7ocuklara ve ergenlere odaklan\u0131n<\/h3>\n<p>ADFC ilk kez, ADFC bisiklet iklim testinin bir par\u00e7as\u0131 olarak \u00e7ocuklara ve ergenlere kendi anketini de adam\u0131\u015ft\u0131r. * \u00d6zellikle gen\u00e7ler, \u2013'dan ba\u011f\u0131ms\u0131z olarak okula, spora veya bo\u015f zamanlar\u0131na bisikletle gidebilmek i\u00e7in \u00f6zellikle g\u00fcvenli ko\u015fullara ihtiya\u00e7 duyarlar. Bu nedenle, ADFC, bisiklet s\u00fcrerken neyin iyi \u00e7al\u0131\u015ft\u0131\u011f\u0131n\u0131, onlar\u0131 neyin zorla\u015ft\u0131rd\u0131\u011f\u0131n\u0131 ve bisiklete binmeyi sevmeleri i\u00e7in neyin de\u011fi\u015fmesi gerekti\u011fini bilmek istiyor.<\/p>\n<p>* \u201cG\u00fcvenli ve deneyimli bisiklet\u00e7iler i\u00e7in teklif son y\u0131llarda Wiesbaden'de b\u00fcy\u00fck \u00f6l\u00e7\u00fcde geli\u015fti ve bir\u00e7ok \u015firketin kendi hareketlilik programlar\u0131 var. Wiesbaden'de \u00e7ocuklar ve ergenler nadiren bisiklete binerler, \u00e7\u00fcnk\u00fc tek ba\u015f\u0131na da y\u00f6netilebilen g\u00fcvenli ba\u011flant\u0131lar ve g\u00fcvenli park tesisleri hala \u00e7ok s\u0131k eksiktir. \u00c7ocuklar ve gen\u00e7ler karayolu trafi\u011fini yeti\u015fkinlerden farkl\u0131 \u015fekilde ya\u015farlar. Cevaplar\u0131, Wiesbaden'deki gen\u00e7lerin bisiklete binmeyi sevip sevmedi\u011fini ve g\u00fcvenli ve ba\u011f\u0131ms\u0131z bir \u015fekilde seyahat edebilmek i\u00e7in neyin de\u011fi\u015fmesi gerekti\u011fini \u00e7ok somut bir \u015fekilde g\u00f6sterebilir\" diyor. Fleckenstein.<\/p>\n<p>\u00c7ocuklar\u0131n ve ergenlerin ihtiya\u00e7lar\u0131na dikkat \u00e7ekmek i\u00e7in ADFC Wiesbaden, 20 Eyl\u00fcl'de Kidical Mass (Kinder-Bicycle-Korso) d\u00fczenliyor.<\/p>\n<h3>\u015eimdi kat\u0131l\u0131n<\/h3>\n<p>Bisiklete binmek ne kadar g\u00fcvenli? Bisiklet yollar\u0131 yeterince geni\u015f ve iyi durumda m\u0131? Bisiklet ne s\u0131kl\u0131kla kullan\u0131l\u0131r? ADFC bisiklet iklim testi ile ilgili \u00e7evrimi\u00e7i anket 27 sorudan olu\u015fuyor, yakla\u015f\u0131k on dakika s\u00fcr\u00fcyor ve 30 Kas\u0131m 2026'ya kadar s\u00fcr\u00fcyor. Anket on ikinci kez ger\u00e7ekle\u015fiyor ve bisiklet\u00e7ilerin yerlerini bisiklet\u00e7i dostu bir \u015fekilde nas\u0131l ya\u015fad\u0131klar\u0131n\u0131 ve iyile\u015ftirme i\u00e7in yer oldu\u011funu g\u00f6steriyor. alt\u0131nda daha fazla insan <a href=\"https:\/\/fkt.adfc.de\/befragung\"><strong>https:\/\/fkt.adfc.de\/befragung<\/strong><\/a> Kat\u0131l\u0131n, sonu\u00e7lar ne kadar anlaml\u0131 olursa. Son turda, Almanya genelinde 213.000 ki\u015fi ankete kat\u0131ld\u0131. Bu nedenle ADFC Wiesbaden, ADFC bisiklet iklim testinin arkada\u015flar ve tan\u0131d\u0131klar aras\u0131nda, kul\u00fcplerde ve i\u015fyerinde de \u00f6nerilmesi \u00e7a\u011fr\u0131s\u0131nda bulunuyor.<\/p>\n<h3>Belediyeler de talep g\u00f6r\u00fcyor<\/h3>\n<p>ADFC D\u00f6ng\u00fcs\u00fc \u0130klim Testi 2026 \u00fc\u00e7 anket i\u00e7erir: * Bisiklet\u00e7iler yerlerinin bisiklet dostu oldu\u011funu de\u011ferlendirir, \u00e7ocuklar ve gen\u00e7ler FKT gen\u00e7li\u011fi \u2013'daki deneyimlerini ve ihtiya\u00e7lar\u0131n\u0131 a\u00e7\u0131klar ve FKT belediyesinde, \u015fehirlerde ve belediyelerde bisikleti nas\u0131l te\u015fvik ettikleri hakk\u0131nda bilgi sa\u011flar. Bu, sahadaki bisiklet dostlu\u011funu \u00fc\u00e7 farkl\u0131 perspektiften g\u00f6r\u00fcn\u00fcr k\u0131lar. Sonu\u00e7lar, en bisiklet dostu \u015fehirlerin \u00fclke \u00e7ap\u0131nda s\u0131ralamas\u0131 da dahil olmak \u00fczere 2027 bahar\u0131nda sunulacak.<\/p>\n<h3>ADFC Bisiklet \u0130klim Testi 2026 Hakk\u0131nda<\/h3>\n<p>ADFC D\u00f6ng\u00fcs\u00fc \u0130klim Testi 2026, Ulusal Bisiklet Plan\u0131'n\u0131n (NRVP) uygulanmas\u0131 i\u00e7in fonlardan Federal Ula\u015ft\u0131rma Bakanl\u0131\u011f\u0131 (BMV) taraf\u0131ndan finanse edilmektedir.<\/p>\n<h3>ADFC Wiesbaden \/ Rheingau-Taunus e.V. hakk\u0131nda<\/h3>\n<p>ADFC Wiesbaden, Hessen eyalet ba\u015fkenti ve Rheingau-Taunus b\u00f6lgesindeki bisiklet\u00e7ilerin \u00e7\u0131karlar\u0131n\u0131 temsil eder. Sitede 2.000'den fazla \u00fcyesi bulunan dernek, modern mobilite tasar\u0131m\u0131 ile bisiklet dostu bir politika, g\u00fcvenli yollar ve daha iyi bir ya\u015fam kalitesi taahh\u00fct etmektedir.<\/p>\n<h3>ADFC Hakk\u0131nda<\/h3>\n<p>240.000'den fazla \u00fcyesi ile Allgemeine Deutsche Fahrrad-Club e.V. (ADFC), Almanya'daki ve d\u00fcnyadaki bisiklet\u00e7ilerin \u00e7\u0131karlar\u0131n\u0131n en b\u00fcy\u00fck temsilcisidir. Bisikletle ilgili her konuda dan\u0131\u015fmanl\u0131k yap\u0131yor. Politik olarak, ADFC b\u00f6lgesel, ulusal ve uluslararas\u0131 d\u00fczeyde bisiklet s\u00fcrmenin tutarl\u0131 bir \u015fekilde te\u015fvik edilmesine kendini adam\u0131\u015ft\u0131r.<\/p>\n<\/div>\n<\/div>    <\/div>\n<\/div>\n<!-- \/module text -->        <\/div>\n                        <\/div>\n        <\/div>\n        <\/div>\n<!--\/themify_builder_content-->\n\n\n<p class=\"wp-block-paragraph\"><\/p>","protected":false},"excerpt":{"rendered":"<p>B\u00fcy\u00fck ADFC bisiklet iklim testi 2026 bug\u00fcn ba\u015fl\u0131yor. Yeni bir \u015fey: Kendi anketi olan \u00e7ocuklar ve ergenler<\/p>","protected":false},"author":50,"featured_media":78032,"comment_status":"closed","ping_status":"closed","sticky":false,"template":"Nachrichten-Seite.php","format":"standard","meta":{"footnotes":""},"categories":[123,522],"tags":[865,775,738],"class_list":["post-78029","post","type-post","status-publish","format-standard","has-post-thumbnail","hentry","category-politik-verkehr","category-pressemitteilung","tag-fkt","tag-politik-verkehr","tag-pressemitteilung","has-post-title","has-post-date","has-post-category","has-post-tag","has-post-comment","has-post-author",""],"builder_content":"<img src=\"https:\/\/www.adfc-wiesbaden.de\/wp-content\/uploads\/2026\/08\/FKT26_Kommunen_KeyVisual_desktop.jpg\" title=\"Fahrradklima Test 2026\" alt=\"Wie fahrradfreundlich ist dein Ort? ADFC Fahrradklima Test 2026\" srcset=\"https:\/\/www.adfc-wiesbaden.de\/wp-content\/uploads\/2026\/08\/FKT26_Kommunen_KeyVisual_desktop.jpg 2159w, https:\/\/www.adfc-wiesbaden.de\/wp-content\/uploads\/2026\/08\/FKT26_Kommunen_KeyVisual_desktop-700x394.jpg 700w, https:\/\/www.adfc-wiesbaden.de\/wp-content\/uploads\/2026\/08\/FKT26_Kommunen_KeyVisual_desktop-1400x788.jpg 1400w, https:\/\/www.adfc-wiesbaden.de\/wp-content\/uploads\/2026\/08\/FKT26_Kommunen_KeyVisual_desktop-200x113.jpg 200w, https:\/\/www.adfc-wiesbaden.de\/wp-content\/uploads\/2026\/08\/FKT26_Kommunen_KeyVisual_desktop-768x432.jpg 768w, https:\/\/www.adfc-wiesbaden.de\/wp-content\/uploads\/2026\/08\/FKT26_Kommunen_KeyVisual_desktop-1536x864.jpg 1536w, https:\/\/www.adfc-wiesbaden.de\/wp-content\/uploads\/2026\/08\/FKT26_Kommunen_KeyVisual_desktop-2048x1153.jpg 2048w, https:\/\/www.adfc-wiesbaden.de\/wp-content\/uploads\/2026\/08\/FKT26_Kommunen_KeyVisual_desktop-18x10.jpg 18w\" sizes=\"(max-width: 2159px) 100vw, 2159px\" \/> <h3> Wie fahrradfreundlich ist dein Ort? ADFC Fahrradklima Test 2026 | &copy; ADFC <\/h3>\n<h1>Der ADFC fragt nach: Wie fahrradfreundlich ist Wiesbaden?<\/h1> <h2>Der gro\u00dfe ADFC-Fahrradklima-Test 2026 startet heute. Neu: Kinder und Jugendliche mit eigener Umfrage<\/h2> <p>Wiesbaden, den 01.09.2026: Heute startet der gro\u00dfe ADFC-Fahrradklima-Test (FKT) 2026. Vom 1. September bis zum 30. November k\u00f6nnen Radfahrer und Radfahrerinnen in ganz Deutschland bewerten, wie fahrradfreundlich es direkt hier vor Ort in Wiesbaden ist. Wie ist der Zustand der Radwege? Wie viel wird f\u00fcrs Radfahren schon getan? Macht Radfahren Spa\u00df oder ist es eher Stress? Zum ersten Mal stehen Kinder und Jugendliche mit einer eigenen Umfrage im Fokus. Das bundesweite Ranking der fahrradfreundlichsten St\u00e4dte und weitere Ergebnisse der Befragung werden im Fr\u00fchjahr 2027 vorgestellt.<\/p> <p>ADFC-Bundesvorsitzender Frank Masurat sagt: \u201eRadfahren h\u00e4lt fit, ist kosteng\u00fcnstig und gut f\u00fcr das Klima \u2013 Spa\u00df macht es obendrein. Viele St\u00e4dte und Gemeinden bauen deswegen Radwege und Fahrradparkh\u00e4user. Doch die Bedingungen unterscheiden sich von Ort zu Ort erheblich. Genau darum geht es bei der Befragung zum 12. ADFC-Fahrradklima-Test. Wie hat sich die Fahrradfreundlichkeit vor Ort entwickelt und wo muss noch nachgebessert werden? Die Ergebnisse der Befragung helfen dabei, die Bedingungen f\u00fcr Radfahrerinnen und Radfahrer zu verbessern.\u201c<\/p> <p>Mich\u00e9le Fleckenstein, Vorstandsmitglied des ADFC Wiesbaden\/Rheingau-Taunus, sagt: \u201eWer regelm\u00e4\u00dfig mit dem Fahrrad in Wiesbaden unterwegs ist, kennt die neuen Fahrradstra\u00dfen Mosbacher Stra\u00dfe, Lessingstra\u00dfe oder brandneu in der R\u00fcdesheimer Stra\u00dfe, aber auch, wo die Situation wie direkt am Hauptbahnhof oder durch die vielen Baustellen un\u00fcbersichtlich ist. Diese Erfahrungen wollen wir mit dem ADFC-Fahrradklima-Test sichtbar machen. Die Ergebnisse zeigen uns und den politisch Verantwortlichen, wo Wiesbaden beim Radverkehr wirklich steht und<strong> in welchen Bereichen noch Handlungsbedarf besteht<\/strong>. Deshalb rufen wir alle Radfahrerinnen und Radfahrer dazu auf, mitzumachen.\u201c<\/p> <h3>Kinder und Jugendliche im Fokus<\/h3> <p>Zum ersten Mal widmet der ADFC auch Kindern und Jugendlichen eine eigene Umfrage im Rahmen des ADFC-Fahrradklima-Tests. Gerade junge Menschen brauchen besonders sichere Bedingungen, um selbstst\u00e4ndig mit dem Rad unterwegs zu sein \u2013 zur Schule, zum Sport oder in der Freizeit. Deshalb m\u00f6chte der ADFC von ihnen selbst wissen, was beim Radfahren gut funktioniert, was ihnen Schwierigkeiten macht und was sich ver\u00e4ndern muss, damit sie gerne oder \u00fcberhaupt auf das Fahrrad steigen.<\/p> <p>\u201eDas Angebot f\u00fcr sichere und erfahrene Radfahrende hat sich in Wiesbaden in den letzten Jahren stark verbessert und viele Unternehmen haben eigene Mobilit\u00e4tsprogramme. Kinder und Jugendliche steigen in Wiesbaden selten aufs Rad, denn sichere Verbindungen, die auch alleine bew\u00e4ltigt werden k\u00f6nnen, sowie sichere Abstellanlagen fehlen noch zu oft. Kinder und Jugendliche erleben den Stra\u00dfenverkehr anders als Erwachsene. Ihre Antworten k\u00f6nnen sehr konkret zeigen, ob junge Menschen in Wiesbaden gerne Rad fahren und was sich \u00e4ndern muss, damit sie sicher und selbstst\u00e4ndig unterwegs sein k\u00f6nnen\u201c, sagt Fleckenstein.<\/p> <p>Um auf die Bed\u00fcrfnisse von Kindern und Jugendlichen aufmerksam zu machen, veranstaltet der ADFC Wiesbaden am 20.09. eine Kidical Mass (Kinder-Fahrrad-Korso).<\/p> <h3>Jetzt teilnehmen<\/h3> <p>Wie sicher f\u00fchlt sich Radfahren an? Sind die Radwege breit genug und in einem guten Zustand? Wie h\u00e4ufig wird das Fahrrad genutzt? Die Online-Befragung zum ADFC-Fahrradklima-Test besteht aus 27 Fragen, dauert rund zehn Minuten und l\u00e4uft bis zum 30. November 2026. Die Befragung findet zum zw\u00f6lften Mal statt und macht deutlich, wie fahrradfreundlich Radfahrerinnen und Radfahrer ihren Ort erleben und wo es Verbesserungsbedarf gibt. Je mehr Menschen unter <a href=\"https:\/\/fkt.adfc.de\/befragung\"><strong>https:\/\/fkt.adfc.de\/befragung<\/strong><\/a> teilnehmen, umso aussagekr\u00e4ftiger sind die Ergebnisse. Beim letzten Durchgang haben 213.000 Menschen in ganz Deutschland an der Befragung teilgenommen. Der ADFC Wiesbaden ruft deshalb dazu auf, den ADFC-Fahrradklima-Test auch im Freundes- und Bekanntenkreis, in Vereinen und am Arbeitsplatz weiterzuempfehlen.<\/p> <h3>Auch die Kommunen sind gefragt<\/h3> <p>Zum ADFC-Fahrradklima-Test 2026 geh\u00f6ren drei Befragungen: Radfahrerinnen und Radfahrer bewerten die Fahrradfreundlichkeit ihres Ortes, Kinder und Jugendliche schildern im FKT-Jugendliche ihre Erfahrungen und Bed\u00fcrfnisse \u2013 und beim FKT-Kommunen geben St\u00e4dte und Gemeinden Auskunft, wie sie den Radverkehr schon f\u00f6rdern. Damit wird die Fahrradfreundlichkeit vor Ort aus drei unterschiedlichen Perspektiven sichtbar. Die Ergebnisse werden im Fr\u00fchjahr 2027 vorgestellt, dazu geh\u00f6rt auch das bundesweite Ranking der fahrradfreundlichsten St\u00e4dte.<\/p> <h3>\u00dcber den ADFC-Fahrradklima-Test 2026<\/h3> <p>Der ADFC-Fahrradklima-Test 2026 wird gef\u00f6rdert durch das Bundesministerium f\u00fcr Verkehr (BMV) aus Mitteln zur Umsetzung des Nationalen Radverkehrsplans (NRVP).<\/p> <h3>\u00dcber den ADFC Wiesbaden \/ Rheingau-Taunus e.V.<\/h3> <p>Der ADFC Wiesbaden ist die Interessenvertretung f\u00fcr Radfahrerinnen und Radfahrer in der hessischen Landeshauptstadt und der Region Rheingau-Taunus. Mit \u00fcber 2.000 Mitgliedern vor Ort setzt sich der Verein f\u00fcr eine fahrradfreundliche Politik, sichere Wege und mehr Lebensqualit\u00e4t durch eine moderne Mobilit\u00e4tsgestaltung ein.<\/p> <h3>\u00dcber den ADFC<\/h3> <p>Der Allgemeine Deutsche Fahrrad-Club e.V. (ADFC) ist mit mehr als 240.000 Mitgliedern die gr\u00f6\u00dfte Interessenvertretung der Radfahrerenden in Deutschland und weltweit. Er ber\u00e4t in allen Fragen rund ums Fahrrad. Politisch engagiert sich der ADFC auf regionaler, nationaler und internationaler Ebene f\u00fcr die konsequente F\u00f6rderung des Radverkehrs.<\/p>","_links":{"self":[{"href":"https:\/\/www.adfc-wiesbaden.de\/tr\/wp-json\/wp\/v2\/posts\/78029","targetHints":{"allow":["GET"]}}],"collection":[{"href":"https:\/\/www.adfc-wiesbaden.de\/tr\/wp-json\/wp\/v2\/posts"}],"about":[{"href":"https:\/\/www.adfc-wiesbaden.de\/tr\/wp-json\/wp\/v2\/types\/post"}],"author":[{"embeddable":true,"href":"https:\/\/www.adfc-wiesbaden.de\/tr\/wp-json\/wp\/v2\/users\/50"}],"replies":[{"embeddable":true,"href":"https:\/\/www.adfc-wiesbaden.de\/tr\/wp-json\/wp\/v2\/comments?post=78029"}],"version-history":[{"count":20,"href":"https:\/\/www.adfc-wiesbaden.de\/tr\/wp-json\/wp\/v2\/posts\/78029\/revisions"}],"predecessor-version":[{"id":78051,"href":"https:\/\/www.adfc-wiesbaden.de\/tr\/wp-json\/wp\/v2\/posts\/78029\/revisions\/78051"}],"wp:featuredmedia":[{"embeddable":true,"href":"https:\/\/www.adfc-wiesbaden.de\/tr\/wp-json\/wp\/v2\/media\/78032"}],"wp:attachment":[{"href":"https:\/\/www.adfc-wiesbaden.de\/tr\/wp-json\/wp\/v2\/media?parent=78029"}],"wp:term":[{"taxonomy":"category","embeddable":true,"href":"https:\/\/www.adfc-wiesbaden.de\/tr\/wp-json\/wp\/v2\/categories?post=78029"},{"taxonomy":"post_tag","embeddable":true,"href":"https:\/\/www.adfc-wiesbaden.de\/tr\/wp-json\/wp\/v2\/tags?post=78029"}],"curies":[{"name":"wp","href":"https:\/\/api.w.org\/{rel}","templated":true}]}}