{"id":1654,"date":"2025-09-21T21:58:56","date_gmt":"2025-09-21T19:58:56","guid":{"rendered":"https:\/\/kidicalmass.adfc-wiesbaden.de\/?p=1654"},"modified":"2026-04-17T19:43:31","modified_gmt":"2026-04-17T17:43:31","slug":"2025-09-21","status":"publish","type":"post","link":"https:\/\/www.adfc-wiesbaden.de\/uk\/2025\/09\/kidical-mass\/2025-09-21\/","title":{"rendered":"16. Kidical Mass Wiesbaden - \u0432\u0435\u0440\u0435\u0441\u0435\u043d\u044c 2025 \u0440\u043e\u043a\u0443"},"content":{"rendered":"<p><\/p>\n\n<!--themify_builder_content-->\n<div id=\"themify_builder_content-1654\" data-postid=\"1654\" class=\"themify_builder_content themify_builder_content-1654 themify_builder tf_clear\">\n                    <div  data-lazy=\"1\" class=\"module_row themify_builder_row tb_0h7j880 tb_first tf_w\">\n                        <div class=\"row_inner col_align_top tb_col_count_1 tf_box tf_rel\">\n                        <div  data-lazy=\"1\" class=\"module_column tb-column col-full tb_drbz881 first\">\n                    <!-- module image -->\n<div  class=\"module module-image tb_2t7n655 image-top   tf_mw tb_gs2677162d\" data-lazy=\"1\">\n        <div class=\"image-wrap tf_rel tf_mw\">\n            <img loading=\"lazy\" decoding=\"async\" width=\"2048\" height=\"1366\" src=\"https:\/\/www.adfc-wiesbaden.de\/wp-content\/uploads\/2024\/10\/KM-Wiesbaden-2409-Schiersteiner-Strasse.jpeg\" class=\"wp-post-image wp-image-1633\" title=\"\u0414\u0438\u0442\u044f\u0447\u0430 \u043c\u0430\u0441\u0430 - \u00a9 ADFC Wiesbaden\" alt=\"\u0414\u0438\u0442\u044f\u0447\u0430 \u043c\u0430\u0441\u0430 - \u00a9 ADFC Wiesbaden\" srcset=\"https:\/\/www.adfc-wiesbaden.de\/wp-content\/uploads\/2024\/10\/KM-Wiesbaden-2409-Schiersteiner-Strasse.jpeg 2048w, https:\/\/www.adfc-wiesbaden.de\/wp-content\/uploads\/2024\/10\/KM-Wiesbaden-2409-Schiersteiner-Strasse-700x467.jpeg 700w, https:\/\/www.adfc-wiesbaden.de\/wp-content\/uploads\/2024\/10\/KM-Wiesbaden-2409-Schiersteiner-Strasse-1400x934.jpeg 1400w, https:\/\/www.adfc-wiesbaden.de\/wp-content\/uploads\/2024\/10\/KM-Wiesbaden-2409-Schiersteiner-Strasse-200x133.jpeg 200w, https:\/\/www.adfc-wiesbaden.de\/wp-content\/uploads\/2024\/10\/KM-Wiesbaden-2409-Schiersteiner-Strasse-768x512.jpeg 768w, https:\/\/www.adfc-wiesbaden.de\/wp-content\/uploads\/2024\/10\/KM-Wiesbaden-2409-Schiersteiner-Strasse-1536x1025.jpeg 1536w\" sizes=\"auto, (max-width: 2048px) 100vw, 2048px\" \/>    \n        <\/div>\n    <!-- \/image-wrap -->\n    \n        <div class=\"image-content\">\n                    <h3 class=\"image-title\">\n                                    \u0414\u0438\u0442\u044f\u0447\u0430 \u043c\u0430\u0441\u0430 - \u00a9 ADFC Wiesbaden                            <\/h3>\n                    <\/div>\n    <!-- \/image-content -->\n        <\/div>\n<!-- \/module image --><!-- module text -->\n<div  class=\"module module-text tb_8dv0838    tb_gs678604\" data-lazy=\"1\">\n        <div  class=\"tb_text_wrap\">\n        <h1>16. Kidical Mass Wiesbaden - \u0432\u0435\u0440\u0435\u0441\u0435\u043d\u044c 2025 \u0440\u043e\u043a\u0443<\/h1>\n<p>\u0422\u0440\u0435\u0442\u044f Kidical Mass Wiesbaden 2025 \u0432\u0456\u0434\u0431\u0443\u0434\u0435\u0442\u044c\u0441\u044f 21 \u0432\u0435\u0440\u0435\u0441\u043d\u044f \u043e 15:00 \u0432 \u0440\u0430\u043c\u043a\u0430\u0445 \u0432\u0441\u0435\u0441\u0432\u0456\u0442\u043d\u044c\u043e\u0457 \u0430\u043a\u0446\u0456\u0457 Kidical Mass Wiesbaden 2025.\u00a0<a href=\"https:\/\/kinderaufsrad.org\/\" target=\"_blank\" rel=\"noreferrer noopener\">\u0414\u043d\u0456 \u0434\u0438\u0442\u044f\u0447\u0438\u0445 \u043c\u0430\u0441\u043e\u0432\u0438\u0445 \u0430\u043a\u0446\u0456\u0439<\/a>\u00a0\u0417\u0430\u043c\u0456\u0441\u0442\u044c \u0446\u044c\u043e\u0433\u043e. \u0412\u043e\u043d\u0430 \u043f\u043e\u0447\u0438\u043d\u0430\u0454\u0442\u044c\u0441\u044f \u0437\u043d\u043e\u0432\u0443 \u043d\u0430 \u0441\u0430\u0439\u0442\u0456 Dern\u2019sches. \u041d\u0430\u0432\u043a\u043e\u043b\u043e \u0440\u0430\u0442\u0443\u0448\u0456 \u0456 \u043e\u0441\u043e\u0431\u043b\u0438\u0432\u043e \u043d\u0430 \u0437\u0430\u043c\u043a\u043e\u0432\u0456\u0439 \u043f\u043b\u043e\u0449\u0456,\u00a0<a href=\"https:\/\/www.wiesbaden.de\/leben-in-wiesbaden\/gesellschaft-soziales\/kinder\/kinderrechte\/weltkindertag\" target=\"_blank\" rel=\"noreferrer noopener\">\u0412\u0441\u0435\u0441\u0432\u0456\u0442\u043d\u0456\u0439 \u0434\u0435\u043d\u044c \u0434\u0456\u0442\u0435\u0439<\/a>\u00a0\u0421\u0432\u044f\u0442\u043a\u0443\u0454\u0442\u044c\u0441\u044f \u0437 13:00 \u0434\u043e 18:00. \u041c\u0438 \u0437\u0430\u043a\u0456\u043d\u0447\u0443\u0454\u043c\u043e \u0446\u0435\u0439 \u0447\u0430\u0441 \u0432 \u0437\u0435\u043b\u0435\u043d\u0456\u0439 \u0437\u043e\u043d\u0456 \u0432 \u041d\u0435\u0440\u043e\u0442\u0430\u043b\u0456, \u0434\u0435 \u0432\u0430\u043d\u0442\u0430\u0436\u0456\u0432\u043a\u0430 \u043c\u043e\u0440\u043e\u0437\u0438\u0432\u0430 \u0437\u043d\u043e\u0432\u0443 \u043f\u043e\u0441\u0442\u0430\u0447\u0430\u0442\u0438\u043c\u0435 \u043d\u0430\u043c \u043b\u0456\u0434. \u042f\u043a \u0437\u0430\u0432\u0436\u0434\u0438, \u043d\u0430\u0441 \u0441\u0443\u043f\u0440\u043e\u0432\u043e\u0434\u0436\u0443\u044e\u0442\u044c \u043f\u043e\u043b\u0456\u0446\u0435\u0439\u0441\u044c\u043a\u0456 \u0442\u0430 \u043f\u0430\u0440\u0430\u043c\u0435\u0434\u0438\u043a\u0438.<\/p>\n<h2>\u0416\u0438\u0432\u043e\u043f\u0438\u0441 \u0434\u0456\u0457<\/h2>\n<p>\u041c\u0438 \u043f\u0440\u0438\u043a\u0440\u0430\u0441\u0438\u043c\u043e \u0441\u0456\u0440\u0438\u0439 \u0430\u0441\u0444\u0430\u043b\u044c\u0442 \u043f\u0435\u0440\u0435\u0434 \u041b\u0430\u043d\u0434\u0435\u0441\u0433\u0430\u0443\u0437\u043e\u043c \u043a\u0440\u0435\u0439\u0434\u043e\u044e. \u0422\u0430\u043a\u0438\u043c \u0447\u0438\u043d\u043e\u043c, Kidical Mass \u0437\u0430\u043b\u0438\u0448\u0430\u0454\u0442\u044c\u0441\u044f \u0432\u0438\u0434\u0438\u043c\u0438\u043c \u0434\u043b\u044f \u0448\u0438\u0440\u043e\u043a\u043e\u0433\u043e \u043a\u043e\u043b\u0430 \u0443\u0447\u0430\u0441\u043d\u0438\u043a\u0456\u0432 \u0434\u043e\u0440\u043e\u0436\u043d\u044c\u043e\u0433\u043e \u0440\u0443\u0445\u0443 \u043d\u0430\u0432\u0456\u0442\u044c \u0443 \u043d\u0430\u0441\u0442\u0443\u043f\u043d\u0456 \u0434\u043d\u0456. \u0423 \u0431\u0435\u0437\u043f\u043e\u0441\u0435\u0440\u0435\u0434\u043d\u0456\u0439 \u0431\u043b\u0438\u0437\u044c\u043a\u043e\u0441\u0442\u0456 \u0431\u0443\u0432 \u043d\u0430 1. \u041a\u0456\u043b\u044c\u0446\u0435 \u043f\u043e\u043f\u0443\u043b\u044f\u0440\u043d\u043e\u0457 \u0435\u043a\u043e\u043b\u043e\u0433\u0456\u0447\u043d\u043e\u0457 \u0441\u0442\u0435\u0436\u043a\u0438 \u043f\u0435\u0440\u0435\u0440\u0432\u0430\u043d\u043e. \u0412\u0430\u0448\u0456\u0439 \u0442\u0432\u043e\u0440\u0447\u043e\u0441\u0442\u0456 \u043d\u0435\u043c\u0430\u0454 \u043c\u0435\u0436. \u0423 \u043d\u0430\u0441 \u0454 \u043a\u0440\u0435\u0439\u0434\u0430 \u043d\u0430 \u043c\u0456\u0441\u0446\u0456. \u0429\u043e\u0431 \u0432\u0438 \u043c\u043e\u0433\u043b\u0438 \u043c\u0430\u043b\u044e\u0432\u0430\u0442\u0438 \u0434\u043e\u0432\u0448\u0435, \u0430 \u0442\u0430\u043a\u043e\u0436 \u0443\u043b\u044e\u0431\u043b\u0435\u043d\u0438\u043c \u043a\u043e\u043b\u044c\u043e\u0440\u043e\u043c, \u043d\u0430\u0439\u043a\u0440\u0430\u0449\u0435 \u043f\u0440\u0438\u043d\u0435\u0441\u0442\u0438 \u0432\u043b\u0430\u0441\u043d\u0443 \u043a\u0440\u0435\u0439\u0434\u0443.<\/p>\n<h2>\u041f\u043e\u0433\u0430\u0441\u0438\u0442\u0438 \u0446\u0456\u043d\u0438 \u043d\u0430 \u043c\u0430\u0440\u043a\u0438<\/h2>\n<p>\u0414\u043b\u044f \u0432\u0441\u0456\u0445 \u0442\u0438\u0445, \u0445\u0442\u043e \u0431\u0440\u0430\u0432 \u0443\u0447\u0430\u0441\u0442\u044c \u0443 \u0434\u0438\u0442\u044f\u0447\u0456\u0439 \u043c\u0435\u0441\u0456 \u0442\u0440\u0438\u0447\u0456 \u0443 2025 \u0440\u043e\u0446\u0456 \u0456 \u043a\u043e\u0436\u043d\u043e\u0433\u043e \u0440\u0430\u0437\u0443 \u0448\u0442\u0430\u043c\u043f\u0443\u0432\u0430\u0432 \u043d\u0430 \u043d\u0430\u0448\u043e\u043c\u0443\u00a0<a href=\"https:\/\/www.adfc-wiesbaden.de\/uk\/3-x-kidical-mass-1-ueberraschung\/\">\u0428\u0442\u0430\u043c\u043f \u0434\u0456\u0457<\/a>\u00a0\u0406 \u0437\u043d\u043e\u0432\u0443 \u043d\u0430 \u0432\u0430\u0441 \u0447\u0435\u043a\u0430\u0454 \u043d\u0435\u0432\u0435\u043b\u0438\u0447\u043a\u0438\u0439 \u0441\u044e\u0440\u043f\u0440\u0438\u0437. \u041f\u0440\u0438\u043d\u0435\u0441\u0456\u0442\u044c \u0441\u0432\u043e\u0457 \u0448\u0442\u0430\u043c\u043f\u043e\u0432\u0430\u043d\u0456 \u043b\u0438\u0441\u0442\u0456\u0432\u043a\u0438 \u0437 \u043f\u0435\u0440\u0448\u043e\u0457 \u0442\u0430 \u0434\u0440\u0443\u0433\u043e\u0457 Kidical Mass, \u043e\u0442\u0440\u0438\u043c\u0430\u0439\u0442\u0435 \u043e\u0441\u0442\u0430\u043d\u043d\u044e \u043c\u0430\u0440\u043a\u0443 \u0442\u0430 \u043e\u0431\u043c\u0456\u043d\u044f\u0439\u0442\u0435 \u0444\u043b\u0430\u0454\u0440 \u043d\u0430 \u0441\u044e\u0440\u043f\u0440\u0438\u0437.<br \/>\u041e\u0441\u0442\u0430\u043d\u043d\u044f \u043c\u0430\u0440\u043a\u0430 \u043f\u0456\u0441\u043b\u044f \u0457\u0437\u0434\u0438 \u043d\u0430 \u0436\u043e\u0432\u0442\u043e\u043c\u0443\u00a0<a href=\"https:\/\/www.adfc-wiesbaden.de\/uk\/\" target=\"_blank\" rel=\"noreferrer noopener\">ADFC<\/a>\u041a\u043e\u043b\u0435\u0441\u043e \u0437 \u043a\u043e\u0440\u043e\u0431\u043a\u043e\u044e \u0441\u043f\u0435\u0440\u0435\u0434\u0443.<\/p>\n<h2>\u0424\u0456\u0434\u0435\u0440\u043d\u0456 \u0442\u0443\u0440\u0438<\/h2>\n<h3>\u0417\u0430\u043f\u043b\u0430\u043d\u043e\u0432\u0430\u043d\u0456 \u0444\u0456\u0434\u0435\u0440\u043d\u0456 \u0442\u0443\u0440\u0438 (\u0437\u043c\u0456\u043d\u0438 \u043f\u043e\u0441\u0442\u0456\u0439\u043d\u043e \u043e\u043d\u043e\u0432\u043b\u044e\u044e\u0442\u044c\u0441\u044f):<\/h3>\n<figure class=\"wp-block-table is-style-stripes\">\n<table class=\"has-fixed-layout\">\n<tbody>\n<tr>\n<td>\u0420\u0430\u0439\u043e\u043d \/ \u0440\u0430\u0439\u043e\u043d<\/td>\n<td>\u0440\u0430\u043d\u0434\u0435\u0432\u0443<\/td>\n<td>\u0433\u043e\u0434\u0438\u043d\u0430<\/td>\n<td>\u0432\u0456\u0434\u0441\u0442\u0430\u043d\u0456<\/td>\n<\/tr>\n<tr>\n<td>\u043f\u0456\u0432\u043d\u0456\u0447\u043d\u043e\u043c\u0443 \u0441\u0445\u043e\u0434\u0456<\/td>\n<td><strong>\u041c\u0430\u0441\u043e\u0432\u0430 \u0448\u043a\u043e\u043b\u0430 \u0421\u0432\u044f\u0442\u043e\u0433\u043e \u0406\u043e\u0430\u043d\u043d\u0430<\/strong><br \/>\u0412\u0435\u043b\u043e\u0441\u0438\u043f\u0435\u0434\u043d\u0430 \u0441\u0442\u0456\u0439\u043a\u0430 Johannes-Maa\u00df-Stra\u00dfe \/ gg\u00fc. \u0421\u0442\u0456\u043d\u0430 \u043a\u043b\u0430\u0434\u043e\u0432\u0438\u0449\u0430<\/td>\n<td>14:30<\/td>\n<td>1,5 \u043a\u043c<\/td>\n<\/tr>\n<\/tbody>\n<\/table>\n<\/figure>\n<p>\u0424\u0456\u0434\u0435\u0440-\u0442\u0443\u0440\u0438 - \u0446\u0435 \u0441\u0430\u043c\u043e\u043e\u0440\u0433\u0430\u043d\u0456\u0437\u043e\u0432\u0430\u043d\u0456 \u043f\u043e\u0457\u0437\u0434\u043a\u0438, \u0432 \u044f\u043a\u0456 \u0441\u0456\u043c'\u0457 \u0437\u0443\u0441\u0442\u0440\u0456\u0447\u0430\u044e\u0442\u044c\u0441\u044f \u0443 \u0441\u0432\u043e\u0457\u0439 \u043f\u043e\u0447\u0430\u0442\u043a\u043e\u0432\u0456\u0439 \u0448\u043a\u043e\u043b\u0456 \u0432 \u0440\u0430\u0439\u043e\u043d\u0456, \u0430 \u043f\u043e\u0442\u0456\u043c \u0440\u0430\u0437\u043e\u043c \u0457\u0434\u0443\u0442\u044c \u0434\u043e \u043f\u043e\u0447\u0430\u0442\u043a\u043e\u0432\u043e\u0457 \u0442\u043e\u0447\u043a\u0438. \u0413\u043e\u0434\u0456\u0432\u043d\u0438\u0446\u0456 \u043d\u0435 \u0454 \u0437\u0430\u0440\u0435\u0454\u0441\u0442\u0440\u043e\u0432\u0430\u043d\u043e\u044e \u0434\u0435\u043c\u043e\u043d\u0441\u0442\u0440\u0430\u0446\u0456\u0454\u044e \u0456 \u043d\u0435 \u0454 \u0447\u0430\u0441\u0442\u0438\u043d\u043e\u044e \u0437\u0430\u0445\u043e\u0434\u0443. \u0412\u0456\u043d \u0457\u0437\u0434\u0438\u0442\u044c \u043d\u0430 \u0432\u0435\u043b\u043e\u0441\u0438\u043f\u0435\u0434\u043d\u0438\u0445 \u0434\u043e\u0440\u0456\u0436\u043a\u0430\u0445 \u0456 \u0431\u0456\u0447\u043d\u0438\u0445 \u0434\u043e\u0440\u043e\u0433\u0430\u0445 \u0437 \u043d\u0438\u0437\u044c\u043a\u0438\u043c \u0442\u0440\u0430\u0444\u0456\u043a\u043e\u043c.<br \/>\u0417 \u0432\u0430\u0448\u0438\u0445 \u043f\u0440\u0438\u043c\u0456\u0449\u0435\u043d\u044c \u0449\u0435 \u043d\u0435\u043c\u0430\u0454 \u0433\u043e\u0434\u0456\u0432\u043d\u0438\u0446\u0456 \u0456 \u0432\u0430\u043c \u0446\u0456\u043a\u0430\u0432\u043e, \u0442\u043e\u0434\u0456 \u043d\u0430\u043f\u0438\u0448\u0456\u0442\u044c \u043d\u0430\u043c,\u00a0<a href=\"\/uk\/&\/#x6d;&#x61;&#105;&#108;t&#x6f;&#x3a;&#x6b;&#105;di&#x63;&#x61;&#108;&#109;a&#x73;&#x73;&#x40;&#97;df&#x63;&#x2d;&#119;&#105;e&#x73;&#x62;&#x61;&#100;en&#x2e;&#x64;&#101;\">kidicalmass@adfc-wiesbaden.de<\/a>, a. \u0414\u043e\u043f\u043e\u043c\u0430\u0433\u0430\u0454\u043c\u043e \u0437 \u043e\u0440\u0433\u0430\u043d\u0456\u0437\u0430\u0446\u0456\u0454\u044e.<\/p>    <\/div>\n<\/div>\n<!-- \/module text --><!-- module image -->\n<div  class=\"module module-image tb_pyx5916 image-top   tf_mw\" data-lazy=\"1\">\n        <div class=\"image-wrap tf_rel tf_mw\">\n            <img loading=\"lazy\" decoding=\"async\" width=\"735\" height=\"1022\" src=\"https:\/\/www.adfc-wiesbaden.de\/wp-content\/uploads\/2025\/01\/2025-09-21_kmwbn_Route_sharepic.jpg\" class=\"wp-post-image wp-image-1802\" title=\"Kidical Mass Wiesbaden Route 21.09.2025\" alt=\"\u041c\u0430\u0440\u0448\u0440\u0443\u0442 16-\u0433\u043e \u0414\u0438\u0442\u044f\u0447\u0430 \u043c\u0435\u0441\u0430 \u0443 \u0412\u0456\u0441\u0431\u0430\u0434\u0435\u043d\u0456\" srcset=\"https:\/\/www.adfc-wiesbaden.de\/wp-content\/uploads\/2025\/01\/2025-09-21_kmwbn_Route_sharepic.jpg 735w, https:\/\/www.adfc-wiesbaden.de\/wp-content\/uploads\/2025\/01\/2025-09-21_kmwbn_Route_sharepic-700x973.jpg 700w, https:\/\/www.adfc-wiesbaden.de\/wp-content\/uploads\/2025\/01\/2025-09-21_kmwbn_Route_sharepic-200x278.jpg 200w\" sizes=\"auto, (max-width: 735px) 100vw, 735px\" \/>    \n        <\/div>\n    <!-- \/image-wrap -->\n    \n        <\/div>\n<!-- \/module image --><!-- module plain text -->\n<div  class=\"module module-plain-text tb_u24z839\" data-lazy=\"1\">\n        <div class=\"tb_text_wrap\">\n    <h3>\n\t\u041a\u0430\u0440\u0442\u0430 \u0444\u0456\u0434\u0435\u0440\u043d\u0438\u0445 \u0442\u0443\u0440\u0456\u0432\n<\/h3>\n<iframe loading=\"lazy\" src=\"https:\/\/www.google.com\/maps\/d\/u\/0\/embed?mid=11jAiJcc-X0-dSVvxeJ1K4xzLMTOiGTg&#038;ehbc=2E312F&#038;noprof=1\" width=\"640\" height=\"480\"><\/iframe>    <\/div>\n<\/div>\n<!-- \/module plain text -->        <\/div>\n                        <\/div>\n        <\/div>\n        <\/div>\n<!--\/themify_builder_content-->","protected":false},"excerpt":{"rendered":"<p>\u0422\u0440\u0435\u0442\u044f Kidical Mass Wiesbaden 2025 \u0432\u0456\u0434\u0431\u0443\u0434\u0435\u0442\u044c\u0441\u044f 21 \u0432\u0435\u0440\u0435\u0441\u043d\u044f \u043e 15:00 \u0432 \u0440\u0430\u043c\u043a\u0430\u0445 \u0432\u0441\u0435\u0441\u0432\u0456\u0442\u043d\u0456\u0445 \u0434\u043d\u0456\u0432 \u0434\u0456\u0439 Kidical Mass. \u0412\u043e\u043d\u0430 \u043f\u043e\u0447\u0438\u043d\u0430\u0454\u0442\u044c\u0441\u044f \u0437\u043d\u043e\u0432\u0443 \u043d\u0430 \u0441\u0430\u0439\u0442\u0456 Dern\u2019sches. \u041d\u0430\u0432\u043a\u043e\u043b\u043e \u0440\u0430\u0442\u0443\u0448\u0456 \u0456 \u043e\u0441\u043e\u0431\u043b\u0438\u0432\u043e \u043d\u0430 \u043f\u043b\u043e\u0449\u0456 \u0428\u043b\u043e\u0441\u0441\u043f\u043b\u0430\u0446 \u0412\u0441\u0435\u0441\u0432\u0456\u0442\u043d\u0456\u0439 \u0434\u0435\u043d\u044c \u0434\u0456\u0442\u0435\u0439 \u0432\u0456\u0434\u0437\u043d\u0430\u0447\u0430\u0454\u0442\u044c\u0441\u044f \u0437 13:00 \u0434\u043e 18:00. \u041c\u0438 \u0437\u0430\u043a\u0456\u043d\u0447\u0443\u0454\u043c\u043e \u0446\u0435\u0439 \u0447\u0430\u0441 \u0432 \u0437\u0435\u043b\u0435\u043d\u0456\u0439 \u0437\u043e\u043d\u0456 \u0432 \u041d\u0435\u0440\u043e\u0442\u0430\u043b\u0456, \u0434\u0435 \u0432\u0430\u043d\u0442\u0430\u0436\u0456\u0432\u043a\u0430 \u043c\u043e\u0440\u043e\u0437\u0438\u0432\u0430 \u0437\u043d\u043e\u0432\u0443 \u043f\u043e\u0441\u0442\u0430\u0447\u0430\u0442\u0438\u043c\u0435 \u043d\u0430\u043c \u043b\u0456\u0434. \u042f\u043a \u0437\u0430\u0432\u0436\u0434\u0438, \u043d\u0430\u0441 \u0441\u0443\u043f\u0440\u043e\u0432\u043e\u0434\u0436\u0443\u044e\u0442\u044c \u043f\u043e\u043b\u0456\u0446\u0435\u0439\u0441\u044c\u043a\u0456 \u0442\u0430 \u043f\u0430\u0440\u0430\u043c\u0435\u0434\u0438\u043a\u0438.<\/p>","protected":false},"author":52,"featured_media":76050,"comment_status":"closed","ping_status":"closed","sticky":false,"template":"Nachrichten-Seite.php","format":"standard","meta":{"footnotes":""},"categories":[932],"tags":[928,516,772],"class_list":["post-1654","post","type-post","status-publish","format-standard","has-post-thumbnail","hentry","category-kidical-mass","tag-herbst","tag-kidical-mass","tag-wiesbaden","has-post-title","has-post-date","has-post-category","has-post-tag","has-post-comment","has-post-author",""],"builder_content":"<img src=\"https:\/\/www.adfc-wiesbaden.de\/wp-content\/uploads\/2024\/10\/KM-Wiesbaden-2409-Schiersteiner-Strasse.jpeg\" title=\"Kidical Mass - &copy; ADFC Wiesbaden\" alt=\"Kidical Mass - &copy; ADFC Wiesbaden\" srcset=\"https:\/\/www.adfc-wiesbaden.de\/wp-content\/uploads\/2024\/10\/KM-Wiesbaden-2409-Schiersteiner-Strasse.jpeg 2048w, https:\/\/www.adfc-wiesbaden.de\/wp-content\/uploads\/2024\/10\/KM-Wiesbaden-2409-Schiersteiner-Strasse-700x467.jpeg 700w, https:\/\/www.adfc-wiesbaden.de\/wp-content\/uploads\/2024\/10\/KM-Wiesbaden-2409-Schiersteiner-Strasse-1400x934.jpeg 1400w, https:\/\/www.adfc-wiesbaden.de\/wp-content\/uploads\/2024\/10\/KM-Wiesbaden-2409-Schiersteiner-Strasse-200x133.jpeg 200w, https:\/\/www.adfc-wiesbaden.de\/wp-content\/uploads\/2024\/10\/KM-Wiesbaden-2409-Schiersteiner-Strasse-768x512.jpeg 768w, https:\/\/www.adfc-wiesbaden.de\/wp-content\/uploads\/2024\/10\/KM-Wiesbaden-2409-Schiersteiner-Strasse-1536x1025.jpeg 1536w\" sizes=\"(max-width: 2048px) 100vw, 2048px\" \/> <h3> Kidical Mass - &copy; ADFC Wiesbaden <\/h3>\n<h1>16. Kidical Mass Wiesbaden - September 2025<\/h1> <p>Die dritte Kidical Mass Wiesbaden 2025 findet am 21.09. um 15:00 Uhr im Rahmen der weltweiten\u00a0<a href=\"https:\/\/kinderaufsrad.org\/\" target=\"_blank\" rel=\"noreferrer noopener\">Kidical-Mass-Aktionstagen<\/a>\u00a0statt. Gestartet wird wieder auf dem Dern\u2019sches Gel\u00e4nde. Rund um das Rathaus und besonders auf dem Schlo\u00dfplatz wird der\u00a0<a href=\"https:\/\/www.wiesbaden.de\/leben-in-wiesbaden\/gesellschaft-soziales\/kinder\/kinderrechte\/weltkindertag\" target=\"_blank\" rel=\"noreferrer noopener\">Weltkindertag<\/a>\u00a0von 13:00 bis 18:00 Uhr gefeiert. Wir enden diesmal in der Gr\u00fcnanlage im Nerotal, wo uns der Eiswagen wieder mit Eis versorgen wird. Begleitet werden wir wie immer durch Polizei und Sanit\u00e4ter.<\/p> <h2>Malaktion<\/h2> <p>Wir werden den grauen Asphalt vor dem Landeshaus mit Kreide versch\u00f6nern. Somit bleibt die Kidical Mass auch noch in den Folgetagen f\u00fcr unterschiedlichste Verkehrsteilnehmende sichtbar. In unmittelbarer N\u00e4he wurde auf dem 1. Ring die beliebte Umweltspur unterbrochen. Eurer Kreativit\u00e4t sind dabei keine Grenzen gesetzt. Wir haben Kreide vor Ort. Damit ihr l\u00e4nger und auch mit eurer Lieblingsfarbe malen k\u00f6nnt, bringt am Besten eurer eigene Kreide mit.<\/p> <h2>Preise f\u00fcr Stempel einl\u00f6sen<\/h2> <p>F\u00fcr alle die 2025 drei Mal an der Kidical Mass teilgenommen und jedes Mal Stempel bei unserer\u00a0<a href=\"https:\/\/www.adfc-wiesbaden.de\/3-x-kidical-mass-1-ueberraschung\/\">Stempelaktion<\/a>\u00a0gesammelt haben, wartet wieder eine kleine \u00dcberraschung. Bringt eure gestempelten Flyer von der ersten und zweiten Kidical Mass mit, holt euch den letzten Stempel und tauscht den Flyer gegen die \u00dcberraschung ein.<br \/>Den letzten Stempel gibt es nach der Fahrt beim gelben\u00a0<a href=\"https:\/\/www.adfc-wiesbaden.de\/\" target=\"_blank\" rel=\"noreferrer noopener\">ADFC<\/a>-Lastenrad mit der Box vorne drauf.<\/p> <h2>Zubringertouren<\/h2> <h3>Geplanten Zubringertouren (\u00c4nderungen werden stetig aktualisiert):<\/h3> <figure> <table> <tbody> <tr> <td>Stadtteil \/ Quartier<\/td> <td>Treffpunkt<\/td> <td>Uhrzeit<\/td> <td>Distanz<\/td> <\/tr> <tr> <td>Nordost<\/td> <td><strong>Johannes-Maa\u00df-Schule<\/strong><br \/>Fahrradst\u00e4nder Johannes-Maa\u00df-Stra\u00dfe \/ gg\u00fc. Friedhofsmauer<\/td> <td>14:30<\/td> <td>1,5 km<\/td> <\/tr> <\/tbody> <\/table> <\/figure> <p>Zubringertouren sind selbstorganisierte Fahrten zu denen sich Familien an ihrer Grundschule im Viertel treffen und dann gemeinsam zum Startpunkt fahren. Die Zubringer sind keine angemeldete Demonstration und sind nicht Teil der Veranstaltung. Es wird auf Radwegen und verkehrsarmen Nebenstra\u00dfen gefahren.<br \/>Aus euren Viertel gibt es noch keinen Zubringer und ihr habt Interesse, dann schreibt uns,\u00a0<a href=\"mailto:kidicalmass@adfc-wiesbaden.de\">kidicalmass@adfc-wiesbaden.de<\/a>, an. Wir helfen beim Organisieren.<\/p>\n<img src=\"https:\/\/www.adfc-wiesbaden.de\/wp-content\/uploads\/2025\/01\/2025-09-21_kmwbn_Route_sharepic.jpg\" title=\"Kidical Mass Wiesbaden Route 21.09.2025\" alt=\"Route der 16. Kidical Mass Wiesbaden\" srcset=\"https:\/\/www.adfc-wiesbaden.de\/wp-content\/uploads\/2025\/01\/2025-09-21_kmwbn_Route_sharepic.jpg 735w, https:\/\/www.adfc-wiesbaden.de\/wp-content\/uploads\/2025\/01\/2025-09-21_kmwbn_Route_sharepic-700x973.jpg 700w, https:\/\/www.adfc-wiesbaden.de\/wp-content\/uploads\/2025\/01\/2025-09-21_kmwbn_Route_sharepic-200x278.jpg 200w\" sizes=\"(max-width: 735px) 100vw, 735px\" \/>\n<h3> Karte der Zubringertouren <\/h3> <iframe loading=\"lazy\" src=\"https:\/\/www.google.com\/maps\/d\/u\/0\/embed?mid=11jAiJcc-X0-dSVvxeJ1K4xzLMTOiGTg&ehbc=2E312F&noprof=1\" width=\"640\" height=\"480\"><\/iframe>","_links":{"self":[{"href":"https:\/\/www.adfc-wiesbaden.de\/uk\/wp-json\/wp\/v2\/posts\/1654","targetHints":{"allow":["GET"]}}],"collection":[{"href":"https:\/\/www.adfc-wiesbaden.de\/uk\/wp-json\/wp\/v2\/posts"}],"about":[{"href":"https:\/\/www.adfc-wiesbaden.de\/uk\/wp-json\/wp\/v2\/types\/post"}],"author":[{"embeddable":true,"href":"https:\/\/www.adfc-wiesbaden.de\/uk\/wp-json\/wp\/v2\/users\/52"}],"replies":[{"embeddable":true,"href":"https:\/\/www.adfc-wiesbaden.de\/uk\/wp-json\/wp\/v2\/comments?post=1654"}],"version-history":[{"count":32,"href":"https:\/\/www.adfc-wiesbaden.de\/uk\/wp-json\/wp\/v2\/posts\/1654\/revisions"}],"predecessor-version":[{"id":76052,"href":"https:\/\/www.adfc-wiesbaden.de\/uk\/wp-json\/wp\/v2\/posts\/1654\/revisions\/76052"}],"wp:featuredmedia":[{"embeddable":true,"href":"https:\/\/www.adfc-wiesbaden.de\/uk\/wp-json\/wp\/v2\/media\/76050"}],"wp:attachment":[{"href":"https:\/\/www.adfc-wiesbaden.de\/uk\/wp-json\/wp\/v2\/media?parent=1654"}],"wp:term":[{"taxonomy":"category","embeddable":true,"href":"https:\/\/www.adfc-wiesbaden.de\/uk\/wp-json\/wp\/v2\/categories?post=1654"},{"taxonomy":"post_tag","embeddable":true,"href":"https:\/\/www.adfc-wiesbaden.de\/uk\/wp-json\/wp\/v2\/tags?post=1654"}],"curies":[{"name":"wp","href":"https:\/\/api.w.org\/{rel}","templated":true}]}}